{"id":5999,"date":"2022-07-18T23:47:50","date_gmt":"2022-07-18T21:47:50","guid":{"rendered":"https:\/\/blogs.diariosur.es\/-que-le-compro-\/?p=5999"},"modified":"2022-07-18T23:50:12","modified_gmt":"2022-07-18T21:50:12","slug":"verdeliss-outlet-malaga-linea-cosmetica","status":"publish","type":"post","link":"https:\/\/blogs.diariosur.es\/-que-le-compro-\/2022\/07\/18\/verdeliss-outlet-malaga-linea-cosmetica\/","title":{"rendered":"Outlet de ropa de Verdeliss en M\u00e1laga"},"content":{"rendered":"<p>Cuenta con miles de seguidores en redes sociales y adem\u00e1s de ser familia de madre numerosa tambi\u00e9n cuenta con una marca propia, Green Cornerss. Se trata de Estefan\u00eda Unzu Ripoll, m\u00e1s conocida como Verdeliss, que este fin de semana estar\u00e1 en M\u00e1laga. Concretamente, ofrecer\u00e1 un outlet de ropa de su firma en el M\u00e1laga Factory, donde anuncian que se podr\u00e1n adquirir prendas de la firma infantil a partir de cinco euros.<\/p>\n<p>Adem\u00e1s, la propia Verdeliss estar\u00e1 presente para presentar su nueva l\u00ednea de dermocosm\u00e9ticos para el cuidado e higiene infantil,\u00a0<strong>Green Cornerss Care<\/strong>\u00a0cuyos productos tambi\u00e9n podr\u00e1n adquirirse en el outlet. La cita es el s\u00e1bado 23 de julio de 10 a 14\u00a0 y de 16 a 22 horas y el domingo 24 de julio de 12 a 20 horas. Adem\u00e1s, la influencer tambi\u00e9n saludar\u00e1 al p\u00fablico asistente, siempre que las medidas de seguridad lo permitan.<\/p>\n<p><a href=\"https:\/\/static-blogs.diariosur.es\/wp-content\/uploads\/sites\/19\/2022\/07\/verdeliss-malaga.png\"><img loading=\"lazy\" class=\"aligncenter size-full wp-image-6000\" src=\"https:\/\/static-blogs.diariosur.es\/wp-content\/uploads\/sites\/19\/2022\/07\/verdeliss-malaga.png\" alt=\"\" width=\"800\" height=\"533\" srcset=\"https:\/\/static-blogs.diariosur.es\/wp-content\/uploads\/sites\/19\/2022\/07\/verdeliss-malaga.png 800w, https:\/\/static-blogs.diariosur.es\/wp-content\/uploads\/sites\/19\/2022\/07\/verdeliss-malaga-300x200.png 300w, https:\/\/static-blogs.diariosur.es\/wp-content\/uploads\/sites\/19\/2022\/07\/verdeliss-malaga-768x512.png 768w\" sizes=\"(max-width: 800px) 100vw, 800px\" \/><\/a><\/p>\n","protected":false},"excerpt":{"rendered":"<p>Cuenta con miles de seguidores en redes sociales y adem\u00e1s de ser familia de madre numerosa tambi\u00e9n cuenta con una marca propia, Green Cornerss. Se trata de Estefan\u00eda Unzu Ripoll, m\u00e1s conocida como Verdeliss, que este fin de semana estar\u00e1 en M\u00e1laga. Concretamente, ofrecer\u00e1 un outlet de ropa de su firma en el M\u00e1laga Factory, [&hellip;]<\/p>\n","protected":false},"author":24,"featured_media":0,"comment_status":"open","ping_status":"open","sticky":false,"template":"","format":"standard","meta":[],"categories":[2,8],"tags":[4841,4840,4250,2058,4842,4839],"_links":{"self":[{"href":"https:\/\/blogs.diariosur.es\/-que-le-compro-\/wp-json\/wp\/v2\/posts\/5999"}],"collection":[{"href":"https:\/\/blogs.diariosur.es\/-que-le-compro-\/wp-json\/wp\/v2\/posts"}],"about":[{"href":"https:\/\/blogs.diariosur.es\/-que-le-compro-\/wp-json\/wp\/v2\/types\/post"}],"author":[{"embeddable":true,"href":"https:\/\/blogs.diariosur.es\/-que-le-compro-\/wp-json\/wp\/v2\/users\/24"}],"replies":[{"embeddable":true,"href":"https:\/\/blogs.diariosur.es\/-que-le-compro-\/wp-json\/wp\/v2\/comments?post=5999"}],"version-history":[{"count":2,"href":"https:\/\/blogs.diariosur.es\/-que-le-compro-\/wp-json\/wp\/v2\/posts\/5999\/revisions"}],"predecessor-version":[{"id":6002,"href":"https:\/\/blogs.diariosur.es\/-que-le-compro-\/wp-json\/wp\/v2\/posts\/5999\/revisions\/6002"}],"wp:attachment":[{"href":"https:\/\/blogs.diariosur.es\/-que-le-compro-\/wp-json\/wp\/v2\/media?parent=5999"}],"wp:term":[{"taxonomy":"category","embeddable":true,"href":"https:\/\/blogs.diariosur.es\/-que-le-compro-\/wp-json\/wp\/v2\/categories?post=5999"},{"taxonomy":"post_tag","embeddable":true,"href":"https:\/\/blogs.diariosur.es\/-que-le-compro-\/wp-json\/wp\/v2\/tags?post=5999"}],"curies":[{"name":"wp","href":"https:\/\/api.w.org\/{rel}","templated":true}]}}