{"id":6013,"date":"2022-08-18T00:00:11","date_gmt":"2022-08-17T22:00:11","guid":{"rendered":"https:\/\/blogs.diariosur.es\/-que-le-compro-\/?p=6013"},"modified":"2022-08-18T00:00:25","modified_gmt":"2022-08-17T22:00:25","slug":"mercadillos-agosto-malaga-friki-costa","status":"publish","type":"post","link":"https:\/\/blogs.diariosur.es\/-que-le-compro-\/2022\/08\/18\/mercadillos-agosto-malaga-friki-costa\/","title":{"rendered":"Frikis y artesan\u00eda en la agenda de mercadillos"},"content":{"rendered":"<p>Aunque sea agosto, y feria en M\u00e1laga capital, la agenda de mercadillos contin\u00faa con su actividad. De hecho, en Muelle Uno sigue el\u00a0<strong>Mercado de los Colores<\/strong>, abierto todos los d\u00edas hasta el pr\u00f3ximo 11 de septiembre de 10 a 22 horas. Tambi\u00e9n el del paseo mar\u00edtimo de\u00a0<strong>Estepona<\/strong>, disponible cada d\u00eda de 19.00 a las 00.00 horas hasta el 15 de septiembre. Y este s\u00e1bado, de 10 a 22 horas, en el M\u00e1laga Factory, en M\u00e1laga capital, podr\u00e1 disfrutarse de una nueva edici\u00f3n del <strong>Friki Market<\/strong>, donde se podr\u00e1 encontrar todo tipo de merchandising y art\u00edculos de pel\u00edculas y series populares, entre otros objetos. Adem\u00e1s, en esta ocasi\u00f3n anuncian la celebraci\u00f3n de un torneo.<\/p>\n<p>Tambi\u00e9n el s\u00e1bado, pero en\u00a0Nueva Andaluc\u00eda (Marbella), estar\u00e1 una semana m\u00e1s el mercadillo de\u00a0<strong>Centro Plaza<\/strong>, que se desarrollar\u00e1 de 10 a 14.30 horas en la Avenida Manolete 1 y en <strong>Rinc\u00f3n de la Victoria<\/strong> podr\u00e1 disfrutarse de una zona de artesan\u00eda dentro de las actividades paralelas de\u00a0la &#8216;Food-truck man\u00eda&#8217; del paseo mar\u00edtio del Llano de las Palmeras, en La Cala del Moral, que se celebra hasta el domingo 21.<\/p>\n<p>\u00a1Buen fin de semana!<\/p>\n<p><a href=\"https:\/\/static-blogs.diariosur.es\/wp-content\/uploads\/sites\/19\/2022\/08\/comic.jpg\"><img loading=\"lazy\" class=\"aligncenter size-large wp-image-6014\" src=\"https:\/\/static-blogs.diariosur.es\/wp-content\/uploads\/sites\/19\/2022\/08\/comic-1024x766.jpg\" alt=\"\" width=\"1024\" height=\"766\" srcset=\"https:\/\/static-blogs.diariosur.es\/wp-content\/uploads\/sites\/19\/2022\/08\/comic-1024x766.jpg 1024w, https:\/\/static-blogs.diariosur.es\/wp-content\/uploads\/sites\/19\/2022\/08\/comic-300x224.jpg 300w, https:\/\/static-blogs.diariosur.es\/wp-content\/uploads\/sites\/19\/2022\/08\/comic-768x575.jpg 768w, https:\/\/static-blogs.diariosur.es\/wp-content\/uploads\/sites\/19\/2022\/08\/comic.jpg 1374w\" sizes=\"(max-width: 1024px) 100vw, 1024px\" \/><\/a><\/p>\n<h2 class=\"voc-sub-title\"><\/h2>\n","protected":false},"excerpt":{"rendered":"<p>Aunque sea agosto, y feria en M\u00e1laga capital, la agenda de mercadillos contin\u00faa con su actividad. De hecho, en Muelle Uno sigue el\u00a0Mercado de los Colores, abierto todos los d\u00edas hasta el pr\u00f3ximo 11 de septiembre de 10 a 22 horas. Tambi\u00e9n el del paseo mar\u00edtimo de\u00a0Estepona, disponible cada d\u00eda de 19.00 a las 00.00 [&hellip;]<\/p>\n","protected":false},"author":24,"featured_media":0,"comment_status":"open","ping_status":"open","sticky":false,"template":"","format":"standard","meta":[],"categories":[3,4,7],"tags":[4844,4709,4845,2060,4846,4822,2559],"_links":{"self":[{"href":"https:\/\/blogs.diariosur.es\/-que-le-compro-\/wp-json\/wp\/v2\/posts\/6013"}],"collection":[{"href":"https:\/\/blogs.diariosur.es\/-que-le-compro-\/wp-json\/wp\/v2\/posts"}],"about":[{"href":"https:\/\/blogs.diariosur.es\/-que-le-compro-\/wp-json\/wp\/v2\/types\/post"}],"author":[{"embeddable":true,"href":"https:\/\/blogs.diariosur.es\/-que-le-compro-\/wp-json\/wp\/v2\/users\/24"}],"replies":[{"embeddable":true,"href":"https:\/\/blogs.diariosur.es\/-que-le-compro-\/wp-json\/wp\/v2\/comments?post=6013"}],"version-history":[{"count":1,"href":"https:\/\/blogs.diariosur.es\/-que-le-compro-\/wp-json\/wp\/v2\/posts\/6013\/revisions"}],"predecessor-version":[{"id":6015,"href":"https:\/\/blogs.diariosur.es\/-que-le-compro-\/wp-json\/wp\/v2\/posts\/6013\/revisions\/6015"}],"wp:attachment":[{"href":"https:\/\/blogs.diariosur.es\/-que-le-compro-\/wp-json\/wp\/v2\/media?parent=6013"}],"wp:term":[{"taxonomy":"category","embeddable":true,"href":"https:\/\/blogs.diariosur.es\/-que-le-compro-\/wp-json\/wp\/v2\/categories?post=6013"},{"taxonomy":"post_tag","embeddable":true,"href":"https:\/\/blogs.diariosur.es\/-que-le-compro-\/wp-json\/wp\/v2\/tags?post=6013"}],"curies":[{"name":"wp","href":"https:\/\/api.w.org\/{rel}","templated":true}]}}