{"id":6016,"date":"2022-08-25T23:55:55","date_gmt":"2022-08-25T21:55:55","guid":{"rendered":"https:\/\/blogs.diariosur.es\/-que-le-compro-\/?p=6016"},"modified":"2022-08-29T21:39:39","modified_gmt":"2022-08-29T19:39:39","slug":"mercadillos-agosto-malaga-final","status":"publish","type":"post","link":"https:\/\/blogs.diariosur.es\/-que-le-compro-\/2022\/08\/25\/mercadillos-agosto-malaga-final\/","title":{"rendered":"Solidaridad y gastronom\u00eda en los mercadillos de M\u00e1laga"},"content":{"rendered":"<p style=\"box-sizing: border-box; margin: 0px 0px 16px; color: #000000; font-size: 18px; line-height: 28.8px; font-family: 'IBM Plex Serif', serif;\">La provincia gana claramente en la agenda de mercadillos de este fin de semana en M\u00e1laga.\u00a0 Para empezar, del jueves al domingo <strong>Frigiliana<\/strong> vuelve a celebrar su Festival 3 Culturas, que cuenta con un amplio bazar del que es dif\u00edcil escapar sin llevarse alg\u00fan recuerdo. Para seguir, este viernes el centro comercial La Ver\u00f3nica de\u00a0<strong>Antequera<\/strong> organiza\u00a0de 11 a 21 horas un mercadillo solidario\u00a0a beneficio de la Asociaci\u00f3n Arca del Torcal, en el que, adem\u00e1s, se\u00a0celebrar\u00e1 una recogida de alimentos, pienso, comida h\u00fameda y utensilios\u00a0de limpieza para los animales acogidos por esta protectora.<\/p>\n<p style=\"box-sizing: border-box; margin: 0px 0px 16px; color: #000000; font-size: 18px; line-height: 28.8px; font-family: 'IBM Plex Serif', serif;\">Adem\u00e1s, en <strong>Estepona<\/strong> puede visitarse el mercadillo instalado en el paseo mar\u00edtimo, abierto diariamente de siete de la tarde hasta la medianoche hasta el 15 de septiembre.<\/p>\n<p style=\"box-sizing: border-box; margin: 0px 0px 16px; color: #000000; font-size: 18px; line-height: 28.8px; font-family: 'IBM Plex Serif', serif;\">Por su parte, en <strong>Marbella<\/strong> todos los s\u00e1bados se instala el mercadillo del centro comercial Centro Plaza, ubicado en la avenida Manolete 1, en Nueva Andaluc\u00eda (Marbella). Y la asociaci\u00f3n Guadalhorce Ecol\u00f3gico llevar\u00e1 los alimentos m\u00e1s saludables de la huerta de la mano de sus productores al <strong>Parque Huelin<\/strong>, en M\u00e1laga capital, el s\u00e1bado por la ma\u00f1ana.<\/p>\n<p style=\"box-sizing: border-box; margin: 0px 0px 16px; color: #000000; font-size: 18px; line-height: 28.8px; font-family: 'IBM Plex Serif', serif;\">El domingo,\u00a0de 9 a 14 horas junto al centro comercial La Trocha de <strong>Co\u00edn<\/strong> podr\u00e1 disfrutarse de una nueva edici\u00f3n del Mercado Agroalimentario<\/p>\n<p style=\"box-sizing: border-box; margin: 0px 0px 16px; color: #000000; font-size: 18px; line-height: 28.8px; font-family: 'IBM Plex Serif', serif;\">Y en Muelle Uno contin\u00faa tambi\u00e9n\u00a0el\u00a0<span style=\"box-sizing: border-box; font-weight: bold;\">Mercado de los Colores<\/span>, abierto todos los d\u00edas hasta el pr\u00f3ximo 11 de septiembre de 10 a 22 horas.<\/p>\n<p style=\"box-sizing: border-box; margin: 0px 0px 16px; color: #000000; font-size: 18px; line-height: 28.8px; font-family: 'IBM Plex Serif', serif;\">\u00a1Buen fin de semana!<\/p>\n<p>&nbsp;<\/p>\n<p><a href=\"https:\/\/static-blogs.diariosur.es\/wp-content\/uploads\/sites\/19\/2022\/08\/mercadillo-coin.jpg\"><img loading=\"lazy\" class=\"aligncenter wp-image-6019 \" src=\"https:\/\/static-blogs.diariosur.es\/wp-content\/uploads\/sites\/19\/2022\/08\/mercadillo-coin-1024x1024.jpg\" alt=\"\" width=\"685\" height=\"685\" srcset=\"https:\/\/static-blogs.diariosur.es\/wp-content\/uploads\/sites\/19\/2022\/08\/mercadillo-coin-1024x1024.jpg 1024w, https:\/\/static-blogs.diariosur.es\/wp-content\/uploads\/sites\/19\/2022\/08\/mercadillo-coin-150x150.jpg 150w, https:\/\/static-blogs.diariosur.es\/wp-content\/uploads\/sites\/19\/2022\/08\/mercadillo-coin-300x300.jpg 300w, https:\/\/static-blogs.diariosur.es\/wp-content\/uploads\/sites\/19\/2022\/08\/mercadillo-coin-768x768.jpg 768w, https:\/\/static-blogs.diariosur.es\/wp-content\/uploads\/sites\/19\/2022\/08\/mercadillo-coin.jpg 1080w\" sizes=\"(max-width: 685px) 100vw, 685px\" \/><\/a><\/p>\n<p>&nbsp;<\/p>\n<p>&nbsp;<\/p>\n","protected":false},"excerpt":{"rendered":"<p>La provincia gana claramente en la agenda de mercadillos de este fin de semana en M\u00e1laga.\u00a0 Para empezar, del jueves al domingo Frigiliana vuelve a celebrar su Festival 3 Culturas, que cuenta con un amplio bazar del que es dif\u00edcil escapar sin llevarse alg\u00fan recuerdo. Para seguir, este viernes el centro comercial La Ver\u00f3nica de\u00a0Antequera [&hellip;]<\/p>\n","protected":false},"author":24,"featured_media":0,"comment_status":"open","ping_status":"open","sticky":false,"template":"","format":"standard","meta":[],"categories":[2,3,4],"tags":[4849,4688,1395,4847,1926,4848],"_links":{"self":[{"href":"https:\/\/blogs.diariosur.es\/-que-le-compro-\/wp-json\/wp\/v2\/posts\/6016"}],"collection":[{"href":"https:\/\/blogs.diariosur.es\/-que-le-compro-\/wp-json\/wp\/v2\/posts"}],"about":[{"href":"https:\/\/blogs.diariosur.es\/-que-le-compro-\/wp-json\/wp\/v2\/types\/post"}],"author":[{"embeddable":true,"href":"https:\/\/blogs.diariosur.es\/-que-le-compro-\/wp-json\/wp\/v2\/users\/24"}],"replies":[{"embeddable":true,"href":"https:\/\/blogs.diariosur.es\/-que-le-compro-\/wp-json\/wp\/v2\/comments?post=6016"}],"version-history":[{"count":6,"href":"https:\/\/blogs.diariosur.es\/-que-le-compro-\/wp-json\/wp\/v2\/posts\/6016\/revisions"}],"predecessor-version":[{"id":6024,"href":"https:\/\/blogs.diariosur.es\/-que-le-compro-\/wp-json\/wp\/v2\/posts\/6016\/revisions\/6024"}],"wp:attachment":[{"href":"https:\/\/blogs.diariosur.es\/-que-le-compro-\/wp-json\/wp\/v2\/media?parent=6016"}],"wp:term":[{"taxonomy":"category","embeddable":true,"href":"https:\/\/blogs.diariosur.es\/-que-le-compro-\/wp-json\/wp\/v2\/categories?post=6016"},{"taxonomy":"post_tag","embeddable":true,"href":"https:\/\/blogs.diariosur.es\/-que-le-compro-\/wp-json\/wp\/v2\/tags?post=6016"}],"curies":[{"name":"wp","href":"https:\/\/api.w.org\/{rel}","templated":true}]}}