{"id":6025,"date":"2022-08-31T19:58:20","date_gmt":"2022-08-31T17:58:20","guid":{"rendered":"https:\/\/blogs.diariosur.es\/-que-le-compro-\/?p=6025"},"modified":"2022-09-03T17:29:10","modified_gmt":"2022-09-03T15:29:10","slug":"mercadillos-septiembre-malaga-playmobil-artesania","status":"publish","type":"post","link":"https:\/\/blogs.diariosur.es\/-que-le-compro-\/2022\/08\/31\/mercadillos-septiembre-malaga-playmobil-artesania\/","title":{"rendered":"Mucha artesan\u00eda para empezar septiembre en M\u00e1laga"},"content":{"rendered":"<p>Toma nota, que el primer fin de semana de septiembre llega con una gran agenda de mercadillos, literalmente. Para empezar, ya este jueves hay una propuesta en la terraza del N\u00f3madas Centro (Calle Guerrero 3, en M\u00e1laga capital), que desde las 19.30 horas pondr\u00e1n en marcha su &#8216;<strong>Jaleo y alboroto&#8217;<\/strong>, que combina m\u00fasica y artesan\u00eda. El s\u00e1bado, los aficionados\u00a0de\u00a0<strong>Playmobil<\/strong>\u00a0tienen su cita mensual en el mercadillo de los click del\u00a0edificio Ocio del M\u00e1laga Factory, en M\u00e1laga capital, que se celebrar\u00e1 de diez de la ma\u00f1ana a ocho de la tarde.<\/p>\n<p>Paralelamente, <strong>&#8216;Sabores de El Morche&#8217;<\/strong> invita a degustar la gastron\u00f3mica ax\u00e1rquica hasta el domingo a trav\u00e9s de varios food-trucks que se instalar\u00e1n en el paseo mar\u00edtimo de la localidad, y que entre otras actividades paralelas contar\u00e1 con un gourmet market.\u00a0Y este s\u00e1bado, al ser el primero del del mes en <strong>Genalguacil<\/strong> invitan a asistir a su mercado agro-artesanal, que se celebrar\u00e1 de siete de la tarde a doce de la noche.<\/p>\n<p>El domingo se podr\u00e1 disfrutar de una nueva edici\u00f3n de\u00a0<strong>La Merced &amp; Co<\/strong>, con numerosos expositores que tomar\u00e1n la plaza de la Merced de 11 a 19 horas. Paralelamente, en Muelle Uno tambi\u00e9n habr\u00e1 dos propuestas:\u00a0<strong>Zoco Maravilla<\/strong>\u00a0el domingo\u00a0 de 12 a 19 horas y el Mercado de los Colores, abierto cada d\u00eda de 10 a 22 horas hasta el 15 de septiembre. Tambi\u00e9n hasta esa fecha puede visitarse el mercadillo del paseo mar\u00edtimo de\u00a0\u00a0<strong>Estepona<\/strong>, abierto diariamente de 19.00 a las 00.00 horas.<\/p>\n<p>&nbsp;<\/p>\n<p>\u00a1Buen fin de semana!<\/p>\n<p>&nbsp;<\/p>\n<div id=\"attachment_6027\" style=\"width: 1034px\" class=\"wp-caption aligncenter\"><a href=\"https:\/\/static-blogs.diariosur.es\/wp-content\/uploads\/sites\/19\/2022\/08\/munecos.jpg\"><img aria-describedby=\"caption-attachment-6027\" loading=\"lazy\" class=\"wp-image-6027 size-large\" src=\"https:\/\/static-blogs.diariosur.es\/wp-content\/uploads\/sites\/19\/2022\/08\/munecos-1024x1024.jpg\" alt=\"Artesan\u00eda en La Merced &amp; Co este domingo. :: C. M.\" width=\"1024\" height=\"1024\" srcset=\"https:\/\/static-blogs.diariosur.es\/wp-content\/uploads\/sites\/19\/2022\/08\/munecos-1024x1024.jpg 1024w, https:\/\/static-blogs.diariosur.es\/wp-content\/uploads\/sites\/19\/2022\/08\/munecos-150x150.jpg 150w, https:\/\/static-blogs.diariosur.es\/wp-content\/uploads\/sites\/19\/2022\/08\/munecos-300x300.jpg 300w, https:\/\/static-blogs.diariosur.es\/wp-content\/uploads\/sites\/19\/2022\/08\/munecos-768x768.jpg 768w, https:\/\/static-blogs.diariosur.es\/wp-content\/uploads\/sites\/19\/2022\/08\/munecos.jpg 1440w\" sizes=\"(max-width: 1024px) 100vw, 1024px\" \/><\/a><p id=\"caption-attachment-6027\" class=\"wp-caption-text\">Artesan\u00eda en La Merced &amp; Co este domingo. :: C. M.<\/p><\/div>\n","protected":false},"excerpt":{"rendered":"<p>Toma nota, que el primer fin de semana de septiembre llega con una gran agenda de mercadillos, literalmente. Para empezar, ya este jueves hay una propuesta en la terraza del N\u00f3madas Centro (Calle Guerrero 3, en M\u00e1laga capital), que desde las 19.30 horas pondr\u00e1n en marcha su &#8216;Jaleo y alboroto&#8217;, que combina m\u00fasica y artesan\u00eda. [&hellip;]<\/p>\n","protected":false},"author":24,"featured_media":0,"comment_status":"open","ping_status":"open","sticky":false,"template":"","format":"standard","meta":[],"categories":[2,3,4,5],"tags":[4620,4851,4619,2058,3994,4843,4681,4852,4850,3972,4697],"_links":{"self":[{"href":"https:\/\/blogs.diariosur.es\/-que-le-compro-\/wp-json\/wp\/v2\/posts\/6025"}],"collection":[{"href":"https:\/\/blogs.diariosur.es\/-que-le-compro-\/wp-json\/wp\/v2\/posts"}],"about":[{"href":"https:\/\/blogs.diariosur.es\/-que-le-compro-\/wp-json\/wp\/v2\/types\/post"}],"author":[{"embeddable":true,"href":"https:\/\/blogs.diariosur.es\/-que-le-compro-\/wp-json\/wp\/v2\/users\/24"}],"replies":[{"embeddable":true,"href":"https:\/\/blogs.diariosur.es\/-que-le-compro-\/wp-json\/wp\/v2\/comments?post=6025"}],"version-history":[{"count":7,"href":"https:\/\/blogs.diariosur.es\/-que-le-compro-\/wp-json\/wp\/v2\/posts\/6025\/revisions"}],"predecessor-version":[{"id":6034,"href":"https:\/\/blogs.diariosur.es\/-que-le-compro-\/wp-json\/wp\/v2\/posts\/6025\/revisions\/6034"}],"wp:attachment":[{"href":"https:\/\/blogs.diariosur.es\/-que-le-compro-\/wp-json\/wp\/v2\/media?parent=6025"}],"wp:term":[{"taxonomy":"category","embeddable":true,"href":"https:\/\/blogs.diariosur.es\/-que-le-compro-\/wp-json\/wp\/v2\/categories?post=6025"},{"taxonomy":"post_tag","embeddable":true,"href":"https:\/\/blogs.diariosur.es\/-que-le-compro-\/wp-json\/wp\/v2\/tags?post=6025"}],"curies":[{"name":"wp","href":"https:\/\/api.w.org\/{rel}","templated":true}]}}