{"id":6035,"date":"2022-09-07T17:16:03","date_gmt":"2022-09-07T15:16:03","guid":{"rendered":"https:\/\/blogs.diariosur.es\/-que-le-compro-\/?p=6035"},"modified":"2022-09-09T14:53:36","modified_gmt":"2022-09-09T12:53:36","slug":"mercadillos-guaro-carratraca-malaga","status":"publish","type":"post","link":"https:\/\/blogs.diariosur.es\/-que-le-compro-\/2022\/09\/07\/mercadillos-guaro-carratraca-malaga\/","title":{"rendered":"Compras a la luz de las velas y m\u00e1s mercadillos"},"content":{"rendered":"<p>Compras a la luz de las velas. Carratraca y Guaro celebran este fin de semana su <strong>Embrujo Andalus\u00ed<\/strong> y<strong> Festival de la Luna Mora<\/strong>, respectivamente, que vuelven despu\u00e9s del par\u00e9ntesis obligado por la pandemia. As\u00ed que entre actuaciones y miles y miles de velas, se podr\u00e1 disfrutar hasta el domingo en ambas localidades de grandes bazares de los que seguro resultar\u00e1 dif\u00edcil salir de vac\u00edo. Tambi\u00e9n hasta el domingo dura la <strong>Fiesta\u00a0del Boquer\u00f3n Victoriano<\/strong>, en Rinc\u00f3n de la Victoria, que ofrecer\u00e1 un gran mercado de Sabor a M\u00e1laga hasta el domingo. Y siguiendo con la provincia,\u00a0en Nerja este s\u00e1bado se podr\u00e1 visitar el <strong>We Love Nerja Market<\/strong>, que se desarrollar\u00e1 de 11 a 22 horas en la plaza de Espa\u00f1a con cer\u00e1mica, dise\u00f1o, cosm\u00e9tica, y mucho m\u00e1s.<\/p>\n<p>El s\u00e1bado, en el exterior de <strong>Tiendanimal,<\/strong> en M\u00e1laga Nostrum, se celebrar\u00e1 un\u00a0 mercadillo solidario a beneficio de protectoras de animales y adem\u00e1s se podr\u00e1 asistir a una sesi\u00f3n gratis de adiestramiento a las 12.15 horas. Adem\u00e1s, el domingo habr\u00e1 <strong>Zoco Maravilla<\/strong>\u00a0 de 12 a 19 horas y el Mercado de los Colores (de 10 a 22 horas), que encara ya su recta final ya que se despedir\u00e1 el pr\u00f3ximo 15 de septiembre, al igual que el paseo mar\u00edtimo de\u00a0\u00a0<strong>Estepona<\/strong>, abierto diariamente de 19.00 a las 00.00 horas.<\/p>\n<p>\u00a1Buen fin de semana!<\/p>\n<div id=\"attachment_6036\" style=\"width: 1034px\" class=\"wp-caption aligncenter\"><a href=\"https:\/\/static-blogs.diariosur.es\/wp-content\/uploads\/sites\/19\/2022\/09\/guaro.jpg\"><img aria-describedby=\"caption-attachment-6036\" loading=\"lazy\" class=\"size-large wp-image-6036\" src=\"https:\/\/static-blogs.diariosur.es\/wp-content\/uploads\/sites\/19\/2022\/09\/guaro-1024x682.jpg\" alt=\"\" width=\"1024\" height=\"682\" srcset=\"https:\/\/static-blogs.diariosur.es\/wp-content\/uploads\/sites\/19\/2022\/09\/guaro-1024x682.jpg 1024w, https:\/\/static-blogs.diariosur.es\/wp-content\/uploads\/sites\/19\/2022\/09\/guaro-300x200.jpg 300w, https:\/\/static-blogs.diariosur.es\/wp-content\/uploads\/sites\/19\/2022\/09\/guaro-768x511.jpg 768w, https:\/\/static-blogs.diariosur.es\/wp-content\/uploads\/sites\/19\/2022\/09\/guaro.jpg 1374w\" sizes=\"(max-width: 1024px) 100vw, 1024px\" \/><\/a><p id=\"caption-attachment-6036\" class=\"wp-caption-text\">Artesan\u00eda en la Luna Mora de Guaro.<\/p><\/div>\n<p>&nbsp;<\/p>\n","protected":false},"excerpt":{"rendered":"<p>Compras a la luz de las velas. Carratraca y Guaro celebran este fin de semana su Embrujo Andalus\u00ed y Festival de la Luna Mora, respectivamente, que vuelven despu\u00e9s del par\u00e9ntesis obligado por la pandemia. As\u00ed que entre actuaciones y miles y miles de velas, se podr\u00e1 disfrutar hasta el domingo en ambas localidades de grandes [&hellip;]<\/p>\n","protected":false},"author":24,"featured_media":0,"comment_status":"open","ping_status":"open","sticky":false,"template":"","format":"standard","meta":[],"categories":[4,7],"tags":[1244,4856,2022,2825,4853,4854,4855],"_links":{"self":[{"href":"https:\/\/blogs.diariosur.es\/-que-le-compro-\/wp-json\/wp\/v2\/posts\/6035"}],"collection":[{"href":"https:\/\/blogs.diariosur.es\/-que-le-compro-\/wp-json\/wp\/v2\/posts"}],"about":[{"href":"https:\/\/blogs.diariosur.es\/-que-le-compro-\/wp-json\/wp\/v2\/types\/post"}],"author":[{"embeddable":true,"href":"https:\/\/blogs.diariosur.es\/-que-le-compro-\/wp-json\/wp\/v2\/users\/24"}],"replies":[{"embeddable":true,"href":"https:\/\/blogs.diariosur.es\/-que-le-compro-\/wp-json\/wp\/v2\/comments?post=6035"}],"version-history":[{"count":2,"href":"https:\/\/blogs.diariosur.es\/-que-le-compro-\/wp-json\/wp\/v2\/posts\/6035\/revisions"}],"predecessor-version":[{"id":6038,"href":"https:\/\/blogs.diariosur.es\/-que-le-compro-\/wp-json\/wp\/v2\/posts\/6035\/revisions\/6038"}],"wp:attachment":[{"href":"https:\/\/blogs.diariosur.es\/-que-le-compro-\/wp-json\/wp\/v2\/media?parent=6035"}],"wp:term":[{"taxonomy":"category","embeddable":true,"href":"https:\/\/blogs.diariosur.es\/-que-le-compro-\/wp-json\/wp\/v2\/categories?post=6035"},{"taxonomy":"post_tag","embeddable":true,"href":"https:\/\/blogs.diariosur.es\/-que-le-compro-\/wp-json\/wp\/v2\/tags?post=6035"}],"curies":[{"name":"wp","href":"https:\/\/api.w.org\/{rel}","templated":true}]}}