{"id":6058,"date":"2022-09-28T22:24:54","date_gmt":"2022-09-28T20:24:54","guid":{"rendered":"https:\/\/blogs.diariosur.es\/-que-le-compro-\/?p=6058"},"modified":"2022-09-28T22:24:54","modified_gmt":"2022-09-28T20:24:54","slug":"mercadillos-octubre-malaga-nuevos","status":"publish","type":"post","link":"https:\/\/blogs.diariosur.es\/-que-le-compro-\/2022\/09\/28\/mercadillos-octubre-malaga-nuevos\/","title":{"rendered":"Novedades en los primeros mercadillos de octubre"},"content":{"rendered":"<p>Estrenamos mes y se nota, porque el primer fin de semana siempre llega cargado. Toma nota, que te va a hacer falta si no quieres perderte nada. El s\u00e1bado, en la terraza del N\u00f3madas Centro (Calle Guerrero 3, en M\u00e1laga capital) celebrar\u00e1n su <strong>Mercajito,<\/strong> con ropa de segunda mano, artesan\u00eda y m\u00e1s de 12 a 18 horas. Paralelamente, los aficionados\u00a0de\u00a0<strong>Playmobil<\/strong>\u00a0tienen su cita mensual en el mercadillo de los clicks del\u00a0edificio Ocio del M\u00e1laga Factory, en M\u00e1laga capital, que se celebrar\u00e1 de diez de la ma\u00f1ana a ocho de la tarde.<\/p>\n<p>Por su parte, en\u00a0<strong>Genalguacil<\/strong>\u00a0invitan a asistir a su mercado agro-artesanal, que recupera su horario de invierno y se celebrar\u00e1 de doce de la ma\u00f1ana a seis de la tarde este s\u00e1bado tambi\u00e9n.<\/p>\n<p>El domingo se podr\u00e1 disfrutar de una nueva edici\u00f3n de\u00a0<strong>La Merced &amp; Co<\/strong>, con numerosos expositores que tomar\u00e1n la plaza de la Merced de 11 a 19 horas. Y en Muelle Uno habr\u00e1, por un lado, en el mismo horario el\u00a0<strong>Zoco Maravilla<\/strong> y adem\u00e1s el Mercado de Oto\u00f1o,\u00a0abierto hasta el 13 de noviembre de 10 a 22 horas todos los d\u00edas. En Marbella, concretamente en el Parque de la Alameda, se podr\u00e1 visitar el\u00a0<strong>Rastrillo Ben\u00e9fico de oto\u00f1o<\/strong> a favor de la\u00a0asociaci\u00f3n Horizonte Proyecto Hombre Marbella. De 10 a 19.30 horas se podr\u00e1n adquirir a precios econ\u00f3micos ropa nueva y seminueva para toda la familia, juguetes, decoraci\u00f3n o discos, entre otros.<\/p>\n<p>Y para completar, en la provincia este fin de semana habr\u00e1 un mercado de quesos en Teba con motivo de su Feria del Queso y en C\u00e1rtama un zoco por la celebraci\u00f3n, del viernes al domingo, de las Noches de la Bella Jarifa.<\/p>\n<p>\u00a1Buen fin de semana!<\/p>\n<div id=\"attachment_6060\" style=\"width: 1034px\" class=\"wp-caption aligncenter\"><a href=\"https:\/\/static-blogs.diariosur.es\/wp-content\/uploads\/sites\/19\/2022\/09\/genal-artesania.jpg\"><img aria-describedby=\"caption-attachment-6060\" loading=\"lazy\" class=\"size-large wp-image-6060\" src=\"https:\/\/static-blogs.diariosur.es\/wp-content\/uploads\/sites\/19\/2022\/09\/genal-artesania-1024x601.jpg\" alt=\"\" width=\"1024\" height=\"601\" srcset=\"https:\/\/static-blogs.diariosur.es\/wp-content\/uploads\/sites\/19\/2022\/09\/genal-artesania-1024x601.jpg 1024w, https:\/\/static-blogs.diariosur.es\/wp-content\/uploads\/sites\/19\/2022\/09\/genal-artesania-300x176.jpg 300w, https:\/\/static-blogs.diariosur.es\/wp-content\/uploads\/sites\/19\/2022\/09\/genal-artesania-768x451.jpg 768w, https:\/\/static-blogs.diariosur.es\/wp-content\/uploads\/sites\/19\/2022\/09\/genal-artesania.jpg 1374w\" sizes=\"(max-width: 1024px) 100vw, 1024px\" \/><\/a><p id=\"caption-attachment-6060\" class=\"wp-caption-text\">Artesan\u00eda en el mercado agro-artesanal de Genalguacil. :: G. G.<\/p><\/div>\n<p>&nbsp;<\/p>\n<h1 class=\"voc-title\"><\/h1>\n","protected":false},"excerpt":{"rendered":"<p>Estrenamos mes y se nota, porque el primer fin de semana siempre llega cargado. Toma nota, que te va a hacer falta si no quieres perderte nada. El s\u00e1bado, en la terraza del N\u00f3madas Centro (Calle Guerrero 3, en M\u00e1laga capital) celebrar\u00e1n su Mercajito, con ropa de segunda mano, artesan\u00eda y m\u00e1s de 12 a [&hellip;]<\/p>\n","protected":false},"author":24,"featured_media":0,"comment_status":"open","ping_status":"open","sticky":false,"template":"","format":"standard","meta":[],"categories":[2,3,4],"tags":[3994,4696,4867,4865,4303,4866,4697],"_links":{"self":[{"href":"https:\/\/blogs.diariosur.es\/-que-le-compro-\/wp-json\/wp\/v2\/posts\/6058"}],"collection":[{"href":"https:\/\/blogs.diariosur.es\/-que-le-compro-\/wp-json\/wp\/v2\/posts"}],"about":[{"href":"https:\/\/blogs.diariosur.es\/-que-le-compro-\/wp-json\/wp\/v2\/types\/post"}],"author":[{"embeddable":true,"href":"https:\/\/blogs.diariosur.es\/-que-le-compro-\/wp-json\/wp\/v2\/users\/24"}],"replies":[{"embeddable":true,"href":"https:\/\/blogs.diariosur.es\/-que-le-compro-\/wp-json\/wp\/v2\/comments?post=6058"}],"version-history":[{"count":1,"href":"https:\/\/blogs.diariosur.es\/-que-le-compro-\/wp-json\/wp\/v2\/posts\/6058\/revisions"}],"predecessor-version":[{"id":6061,"href":"https:\/\/blogs.diariosur.es\/-que-le-compro-\/wp-json\/wp\/v2\/posts\/6058\/revisions\/6061"}],"wp:attachment":[{"href":"https:\/\/blogs.diariosur.es\/-que-le-compro-\/wp-json\/wp\/v2\/media?parent=6058"}],"wp:term":[{"taxonomy":"category","embeddable":true,"href":"https:\/\/blogs.diariosur.es\/-que-le-compro-\/wp-json\/wp\/v2\/categories?post=6058"},{"taxonomy":"post_tag","embeddable":true,"href":"https:\/\/blogs.diariosur.es\/-que-le-compro-\/wp-json\/wp\/v2\/tags?post=6058"}],"curies":[{"name":"wp","href":"https:\/\/api.w.org\/{rel}","templated":true}]}}