{"id":6063,"date":"2022-10-05T18:25:06","date_gmt":"2022-10-05T16:25:06","guid":{"rendered":"https:\/\/blogs.diariosur.es\/-que-le-compro-\/?p=6063"},"modified":"2022-10-05T18:25:21","modified_gmt":"2022-10-05T16:25:21","slug":"rastro-termica-mercadillos-malaga-octubre","status":"publish","type":"post","link":"https:\/\/blogs.diariosur.es\/-que-le-compro-\/2022\/10\/05\/rastro-termica-mercadillos-malaga-octubre\/","title":{"rendered":"Zoco medieval, RedFriday y m\u00e1s mercadillos en M\u00e1laga"},"content":{"rendered":"<p>\u00a1La racha contin\u00faa! Afortunadamente, casi todas las semanas podemos hablar de regresos o novedades en la agenda de mercadillos de M\u00e1laga. Y en esta ocasi\u00f3n vuelve el <strong>REDFriday de La T\u00e9rmica<\/strong>. Ser\u00e1 este viernes, de 18 a 00 horas y como siempre con entrada gratuita. Y ya sab\u00e9is que entre las diversas actividades de esta iniciativa cultura destaca el gran market con 40 stands que reunir\u00e1n decoraci\u00f3n, cer\u00e1mica, ilustraci\u00f3n, moda y mucho m\u00e1s.<\/p>\n<p>Tambi\u00e9n este viernes, y el s\u00e1bado, se celebrar\u00e1 el <strong>Mercado de las Flores<\/strong> en Plaza Mayor, con m\u00fasica, talleres y moda de 10 a 22 horas. Y en la provincia destaca el bazar que podr\u00e1 visitarse tanto el s\u00e1bado como el domingo en la celebraci\u00f3n del Monf\u00ed, en Cut\u00e1r, que volver\u00e1 a convertirse durante dos d\u00edas en un poblado medieval.<\/p>\n<p>Para el domingo, habr\u00e1 zoco Maravilla en <strong>Muelle Uno<\/strong> (as\u00ed como su Mercado de Oto\u00f1o, abierto todos los d\u00edas de 10 a 22 horas). Y repetir\u00e1 tambi\u00e9n <strong>La Merced &amp; Co<\/strong>, con una nueva edici\u00f3n en la c\u00e9ntrica plaza de la Merced de 11 a 19 horas con numerosos expositores que mostrar\u00e1n el talento local.<\/p>\n<p>\u00a1Buen fin de semana!<\/p>\n<div id=\"attachment_6065\" style=\"width: 1034px\" class=\"wp-caption aligncenter\"><a href=\"https:\/\/static-blogs.diariosur.es\/wp-content\/uploads\/sites\/19\/2022\/10\/redfriday.jpg\"><img aria-describedby=\"caption-attachment-6065\" loading=\"lazy\" class=\"size-large wp-image-6065\" src=\"https:\/\/static-blogs.diariosur.es\/wp-content\/uploads\/sites\/19\/2022\/10\/redfriday-1024x632.jpg\" alt=\"\" width=\"1024\" height=\"632\" srcset=\"https:\/\/static-blogs.diariosur.es\/wp-content\/uploads\/sites\/19\/2022\/10\/redfriday-1024x632.jpg 1024w, https:\/\/static-blogs.diariosur.es\/wp-content\/uploads\/sites\/19\/2022\/10\/redfriday-300x185.jpg 300w, https:\/\/static-blogs.diariosur.es\/wp-content\/uploads\/sites\/19\/2022\/10\/redfriday-768x474.jpg 768w, https:\/\/static-blogs.diariosur.es\/wp-content\/uploads\/sites\/19\/2022\/10\/redfriday.jpg 1248w\" sizes=\"(max-width: 1024px) 100vw, 1024px\" \/><\/a><p id=\"caption-attachment-6065\" class=\"wp-caption-text\">El REDFriday de La T\u00e9rmica vuelve este viernes<\/p><\/div>\n<p>&nbsp;<\/p>\n","protected":false},"excerpt":{"rendered":"<p>\u00a1La racha contin\u00faa! Afortunadamente, casi todas las semanas podemos hablar de regresos o novedades en la agenda de mercadillos de M\u00e1laga. Y en esta ocasi\u00f3n vuelve el REDFriday de La T\u00e9rmica. Ser\u00e1 este viernes, de 18 a 00 horas y como siempre con entrada gratuita. Y ya sab\u00e9is que entre las diversas actividades de esta [&hellip;]<\/p>\n","protected":false},"author":24,"featured_media":0,"comment_status":"open","ping_status":"open","sticky":false,"template":"","format":"standard","meta":[],"categories":[2,4,7],"tags":[1417,4680,4696,4868,4770,4697],"_links":{"self":[{"href":"https:\/\/blogs.diariosur.es\/-que-le-compro-\/wp-json\/wp\/v2\/posts\/6063"}],"collection":[{"href":"https:\/\/blogs.diariosur.es\/-que-le-compro-\/wp-json\/wp\/v2\/posts"}],"about":[{"href":"https:\/\/blogs.diariosur.es\/-que-le-compro-\/wp-json\/wp\/v2\/types\/post"}],"author":[{"embeddable":true,"href":"https:\/\/blogs.diariosur.es\/-que-le-compro-\/wp-json\/wp\/v2\/users\/24"}],"replies":[{"embeddable":true,"href":"https:\/\/blogs.diariosur.es\/-que-le-compro-\/wp-json\/wp\/v2\/comments?post=6063"}],"version-history":[{"count":2,"href":"https:\/\/blogs.diariosur.es\/-que-le-compro-\/wp-json\/wp\/v2\/posts\/6063\/revisions"}],"predecessor-version":[{"id":6066,"href":"https:\/\/blogs.diariosur.es\/-que-le-compro-\/wp-json\/wp\/v2\/posts\/6063\/revisions\/6066"}],"wp:attachment":[{"href":"https:\/\/blogs.diariosur.es\/-que-le-compro-\/wp-json\/wp\/v2\/media?parent=6063"}],"wp:term":[{"taxonomy":"category","embeddable":true,"href":"https:\/\/blogs.diariosur.es\/-que-le-compro-\/wp-json\/wp\/v2\/categories?post=6063"},{"taxonomy":"post_tag","embeddable":true,"href":"https:\/\/blogs.diariosur.es\/-que-le-compro-\/wp-json\/wp\/v2\/tags?post=6063"}],"curies":[{"name":"wp","href":"https:\/\/api.w.org\/{rel}","templated":true}]}}