{"id":6137,"date":"2023-01-09T23:30:51","date_gmt":"2023-01-09T22:30:51","guid":{"rendered":"https:\/\/blogs.diariosur.es\/-que-le-compro-\/?p=6137"},"modified":"2023-01-09T23:46:26","modified_gmt":"2023-01-09T22:46:26","slug":"compras-gratis-malaga-patios-veronica","status":"publish","type":"post","link":"https:\/\/blogs.diariosur.es\/-que-le-compro-\/2023\/01\/09\/compras-gratis-malaga-patios-veronica\/","title":{"rendered":"Sorteo de un a\u00f1o de compras gratis en Los Patios y La Ver\u00f3nica"},"content":{"rendered":"<p>S\u00ed, has le\u00eddo bien.\u00a0Los centros comerciales La Ver\u00f3nica (en Co\u00edn) y Los Patios, en M\u00e1laga capital, lanzan la campa\u00f1a &#8216;El mejor a\u00f1o de tu vida&#8217;, con la que se pueden conseguir doce meses de compras gratis en estos recintos. Se puede participar hasta el pr\u00f3ximo 31 de enero, y para ello, seg\u00fan anuncian, s\u00f3lo hay que completar un formulario en la p\u00e1gina web de ambos centros, donde tambi\u00e9n pueden consultarse las bases legales del sorteo y la forma en la que el ganador puede disfrutar de su premio.<\/p>\n<p>Entre todos los participantes que rellenen el formulario se sortear\u00e1 una compra valorada en 150 euros al mes durante todo este a\u00f1o.<br \/>\n\u00a1Avisados qued\u00e1is, suerte!<\/p>\n<p><a href=\"https:\/\/static-blogs.diariosur.es\/wp-content\/uploads\/sites\/19\/2023\/01\/Compras-Gratis2.jpg\"><img loading=\"lazy\" class=\"aligncenter size-full wp-image-6139\" src=\"https:\/\/static-blogs.diariosur.es\/wp-content\/uploads\/sites\/19\/2023\/01\/Compras-Gratis2.jpg\" alt=\"\" width=\"600\" height=\"600\" srcset=\"https:\/\/static-blogs.diariosur.es\/wp-content\/uploads\/sites\/19\/2023\/01\/Compras-Gratis2.jpg 600w, https:\/\/static-blogs.diariosur.es\/wp-content\/uploads\/sites\/19\/2023\/01\/Compras-Gratis2-150x150.jpg 150w, https:\/\/static-blogs.diariosur.es\/wp-content\/uploads\/sites\/19\/2023\/01\/Compras-Gratis2-300x300.jpg 300w\" sizes=\"(max-width: 600px) 100vw, 600px\" \/><\/a><\/p>\n","protected":false},"excerpt":{"rendered":"<p>S\u00ed, has le\u00eddo bien.\u00a0Los centros comerciales La Ver\u00f3nica (en Co\u00edn) y Los Patios, en M\u00e1laga capital, lanzan la campa\u00f1a &#8216;El mejor a\u00f1o de tu vida&#8217;, con la que se pueden conseguir doce meses de compras gratis en estos recintos. Se puede participar hasta el pr\u00f3ximo 31 de enero, y para ello, seg\u00fan anuncian, s\u00f3lo hay [&hellip;]<\/p>\n","protected":false},"author":24,"featured_media":0,"comment_status":"open","ping_status":"open","sticky":false,"template":"","format":"standard","meta":[],"categories":[2,7],"tags":[4430,1926,4903,4904],"_links":{"self":[{"href":"https:\/\/blogs.diariosur.es\/-que-le-compro-\/wp-json\/wp\/v2\/posts\/6137"}],"collection":[{"href":"https:\/\/blogs.diariosur.es\/-que-le-compro-\/wp-json\/wp\/v2\/posts"}],"about":[{"href":"https:\/\/blogs.diariosur.es\/-que-le-compro-\/wp-json\/wp\/v2\/types\/post"}],"author":[{"embeddable":true,"href":"https:\/\/blogs.diariosur.es\/-que-le-compro-\/wp-json\/wp\/v2\/users\/24"}],"replies":[{"embeddable":true,"href":"https:\/\/blogs.diariosur.es\/-que-le-compro-\/wp-json\/wp\/v2\/comments?post=6137"}],"version-history":[{"count":2,"href":"https:\/\/blogs.diariosur.es\/-que-le-compro-\/wp-json\/wp\/v2\/posts\/6137\/revisions"}],"predecessor-version":[{"id":6141,"href":"https:\/\/blogs.diariosur.es\/-que-le-compro-\/wp-json\/wp\/v2\/posts\/6137\/revisions\/6141"}],"wp:attachment":[{"href":"https:\/\/blogs.diariosur.es\/-que-le-compro-\/wp-json\/wp\/v2\/media?parent=6137"}],"wp:term":[{"taxonomy":"category","embeddable":true,"href":"https:\/\/blogs.diariosur.es\/-que-le-compro-\/wp-json\/wp\/v2\/categories?post=6137"},{"taxonomy":"post_tag","embeddable":true,"href":"https:\/\/blogs.diariosur.es\/-que-le-compro-\/wp-json\/wp\/v2\/tags?post=6137"}],"curies":[{"name":"wp","href":"https:\/\/api.w.org\/{rel}","templated":true}]}}