{"id":6142,"date":"2023-01-14T00:09:46","date_gmt":"2023-01-13T23:09:46","guid":{"rendered":"https:\/\/blogs.diariosur.es\/-que-le-compro-\/?p=6142"},"modified":"2023-01-18T15:54:08","modified_gmt":"2023-01-18T14:54:08","slug":"friki-market-mercadillos-malaga-enero","status":"publish","type":"post","link":"https:\/\/blogs.diariosur.es\/-que-le-compro-\/2023\/01\/14\/friki-market-mercadillos-malaga-enero\/","title":{"rendered":"Friki Market y otros mercadillos del fin de semana en M\u00e1laga"},"content":{"rendered":"<p>Despu\u00e9s de la avalancha de la Navidad, la agenda de mercadillos a\u00fan est\u00e1 recuper\u00e1ndose. As\u00ed que este fin de semana las opciones no son muy numerosas, pero s\u00ed interesantes. Por ejemplo, en el edificio de Ocio del M\u00e1laga Nostrum se podr\u00e1 disfrutar del <strong>Friki Market,<\/strong> este s\u00e1bado a partir de las 12 de la ma\u00f1ana.<\/p>\n<p>Tambi\u00e9n el s\u00e1bado, pero en La Malagueta, los productores reunidos pore la asociaci\u00f3n\u00a0<strong>Guadalhorce Ecol\u00f3gico<\/strong>\u00a0exhibir\u00e1n sus art\u00edculos en el Paseo de Reding, junto a la plaza de toros en M\u00e1laga capital y el domingo en el bulevar de la tenencia de Alcald\u00eda de La Cala de Mijas, en ambos casos de 9 a 14 horas.\u00a0Y para completar, el domingo habr\u00e1 Zoco en <strong>Muelle Uno<\/strong> de 11 a 18 horas y Mercado del Mar en el paseo mar\u00edtimo de Huelin de 11 a 19 horas, aunque por la previsi\u00f3n meteorol\u00f3gica se ha suspendido finalmente.<\/p>\n<p>\u00a1Buen fin de semana!<\/p>\n<div id=\"attachment_6143\" style=\"width: 810px\" class=\"wp-caption aligncenter\"><a href=\"https:\/\/static-blogs.diariosur.es\/wp-content\/uploads\/sites\/19\/2023\/01\/frikim.jpg\"><img aria-describedby=\"caption-attachment-6143\" loading=\"lazy\" class=\"size-full wp-image-6143\" src=\"https:\/\/static-blogs.diariosur.es\/wp-content\/uploads\/sites\/19\/2023\/01\/frikim.jpg\" alt=\"\" width=\"800\" height=\"575\" srcset=\"https:\/\/static-blogs.diariosur.es\/wp-content\/uploads\/sites\/19\/2023\/01\/frikim.jpg 800w, https:\/\/static-blogs.diariosur.es\/wp-content\/uploads\/sites\/19\/2023\/01\/frikim-300x216.jpg 300w, https:\/\/static-blogs.diariosur.es\/wp-content\/uploads\/sites\/19\/2023\/01\/frikim-768x552.jpg 768w\" sizes=\"(max-width: 800px) 100vw, 800px\" \/><\/a><p id=\"caption-attachment-6143\" class=\"wp-caption-text\">Art\u00edculos en el Friki Market. :: M. N.<\/p><\/div>\n","protected":false},"excerpt":{"rendered":"<p>Despu\u00e9s de la avalancha de la Navidad, la agenda de mercadillos a\u00fan est\u00e1 recuper\u00e1ndose. As\u00ed que este fin de semana las opciones no son muy numerosas, pero s\u00ed interesantes. Por ejemplo, en el edificio de Ocio del M\u00e1laga Nostrum se podr\u00e1 disfrutar del Friki Market, este s\u00e1bado a partir de las 12 de la ma\u00f1ana. [&hellip;]<\/p>\n","protected":false},"author":24,"featured_media":0,"comment_status":"open","ping_status":"open","sticky":false,"template":"","format":"standard","meta":[],"categories":[2,3,4],"tags":[311,4709,2058,2352,4598,3972],"_links":{"self":[{"href":"https:\/\/blogs.diariosur.es\/-que-le-compro-\/wp-json\/wp\/v2\/posts\/6142"}],"collection":[{"href":"https:\/\/blogs.diariosur.es\/-que-le-compro-\/wp-json\/wp\/v2\/posts"}],"about":[{"href":"https:\/\/blogs.diariosur.es\/-que-le-compro-\/wp-json\/wp\/v2\/types\/post"}],"author":[{"embeddable":true,"href":"https:\/\/blogs.diariosur.es\/-que-le-compro-\/wp-json\/wp\/v2\/users\/24"}],"replies":[{"embeddable":true,"href":"https:\/\/blogs.diariosur.es\/-que-le-compro-\/wp-json\/wp\/v2\/comments?post=6142"}],"version-history":[{"count":2,"href":"https:\/\/blogs.diariosur.es\/-que-le-compro-\/wp-json\/wp\/v2\/posts\/6142\/revisions"}],"predecessor-version":[{"id":6146,"href":"https:\/\/blogs.diariosur.es\/-que-le-compro-\/wp-json\/wp\/v2\/posts\/6142\/revisions\/6146"}],"wp:attachment":[{"href":"https:\/\/blogs.diariosur.es\/-que-le-compro-\/wp-json\/wp\/v2\/media?parent=6142"}],"wp:term":[{"taxonomy":"category","embeddable":true,"href":"https:\/\/blogs.diariosur.es\/-que-le-compro-\/wp-json\/wp\/v2\/categories?post=6142"},{"taxonomy":"post_tag","embeddable":true,"href":"https:\/\/blogs.diariosur.es\/-que-le-compro-\/wp-json\/wp\/v2\/tags?post=6142"}],"curies":[{"name":"wp","href":"https:\/\/api.w.org\/{rel}","templated":true}]}}