{"id":6148,"date":"2023-01-18T16:39:18","date_gmt":"2023-01-18T15:39:18","guid":{"rendered":"https:\/\/blogs.diariosur.es\/-que-le-compro-\/?p=6148"},"modified":"2023-01-20T13:48:24","modified_gmt":"2023-01-20T12:48:24","slug":"mercadillos-enero-malaga-artesania","status":"publish","type":"post","link":"https:\/\/blogs.diariosur.es\/-que-le-compro-\/2023\/01\/18\/mercadillos-enero-malaga-artesania\/","title":{"rendered":"Regresos a la agenda de mercadillos del fin de semana"},"content":{"rendered":"<p>La agenda de mercadillos va poco a poco retomando su pulso habitual, y este fin de semana es de los regresos, especialmente en M\u00e1laga capital. Por un lado, el s\u00e1bado el Cementerio Ingl\u00e9s acoger\u00e1 una nueva edici\u00f3n (la tercera) de su mercadillo <strong>The William\u2019s Market<\/strong>, que se celebrar\u00e1 de 10 a 18 horas, ya que ampl\u00eda su horario. La entrada es gratuita y entre los stands podr\u00e1 encontrarse tambi\u00e9n algo para picotear y m\u00fasica ambiente.<\/p>\n<p>El domingo habr\u00e1 Zoco en\u00a0<strong>Muelle Uno<\/strong>\u00a0de 11 a 18 horas y en la c\u00e9ntrica calle Tom\u00e1s Heredia, tambi\u00e9n en la capital, se podr\u00e1 visitar la primera edici\u00f3n de este a\u00f1o del\u00a0Mercado <strong>Urbano del Soho<\/strong>, que ofrecer\u00e1 adem\u00e1s exhibiciones y clases gratis de la\u00a0Escuela Swing Out Studio M\u00e1laga as\u00ed como un taller de barro a cargo de Nekamen Cer\u00e1mica, mientras que la parcela solidaria estar\u00e1 ocupada por Proyecto Berta. Todo esto, adem\u00e1s de sus expositores de artesan\u00eda, de 11 a 19 horas.<\/p>\n<p>\u00a1Buen fin de semana!<\/p>\n<div id=\"attachment_6149\" style=\"width: 610px\" class=\"wp-caption aligncenter\"><a href=\"https:\/\/static-blogs.diariosur.es\/wp-content\/uploads\/sites\/19\/2023\/01\/anillos2.jpg\"><img aria-describedby=\"caption-attachment-6149\" loading=\"lazy\" class=\"size-full wp-image-6149\" src=\"https:\/\/static-blogs.diariosur.es\/wp-content\/uploads\/sites\/19\/2023\/01\/anillos2.jpg\" alt=\"\" width=\"600\" height=\"402\" srcset=\"https:\/\/static-blogs.diariosur.es\/wp-content\/uploads\/sites\/19\/2023\/01\/anillos2.jpg 600w, https:\/\/static-blogs.diariosur.es\/wp-content\/uploads\/sites\/19\/2023\/01\/anillos2-300x201.jpg 300w\" sizes=\"(max-width: 600px) 100vw, 600px\" \/><\/a><p id=\"caption-attachment-6149\" class=\"wp-caption-text\">Artesan\u00eda en el Soho Mercado Urbano. :: M. U.<\/p><\/div>\n<p style=\"font-weight: 400;\">\n","protected":false},"excerpt":{"rendered":"<p>La agenda de mercadillos va poco a poco retomando su pulso habitual, y este fin de semana es de los regresos, especialmente en M\u00e1laga capital. Por un lado, el s\u00e1bado el Cementerio Ingl\u00e9s acoger\u00e1 una nueva edici\u00f3n (la tercera) de su mercadillo The William\u2019s Market, que se celebrar\u00e1 de 10 a 18 horas, ya que [&hellip;]<\/p>\n","protected":false},"author":24,"featured_media":0,"comment_status":"open","ping_status":"open","sticky":false,"template":"","format":"standard","meta":[],"categories":[4,7],"tags":[4108,2559,4525,4872],"_links":{"self":[{"href":"https:\/\/blogs.diariosur.es\/-que-le-compro-\/wp-json\/wp\/v2\/posts\/6148"}],"collection":[{"href":"https:\/\/blogs.diariosur.es\/-que-le-compro-\/wp-json\/wp\/v2\/posts"}],"about":[{"href":"https:\/\/blogs.diariosur.es\/-que-le-compro-\/wp-json\/wp\/v2\/types\/post"}],"author":[{"embeddable":true,"href":"https:\/\/blogs.diariosur.es\/-que-le-compro-\/wp-json\/wp\/v2\/users\/24"}],"replies":[{"embeddable":true,"href":"https:\/\/blogs.diariosur.es\/-que-le-compro-\/wp-json\/wp\/v2\/comments?post=6148"}],"version-history":[{"count":2,"href":"https:\/\/blogs.diariosur.es\/-que-le-compro-\/wp-json\/wp\/v2\/posts\/6148\/revisions"}],"predecessor-version":[{"id":6151,"href":"https:\/\/blogs.diariosur.es\/-que-le-compro-\/wp-json\/wp\/v2\/posts\/6148\/revisions\/6151"}],"wp:attachment":[{"href":"https:\/\/blogs.diariosur.es\/-que-le-compro-\/wp-json\/wp\/v2\/media?parent=6148"}],"wp:term":[{"taxonomy":"category","embeddable":true,"href":"https:\/\/blogs.diariosur.es\/-que-le-compro-\/wp-json\/wp\/v2\/categories?post=6148"},{"taxonomy":"post_tag","embeddable":true,"href":"https:\/\/blogs.diariosur.es\/-que-le-compro-\/wp-json\/wp\/v2\/tags?post=6148"}],"curies":[{"name":"wp","href":"https:\/\/api.w.org\/{rel}","templated":true}]}}