{"id":6152,"date":"2023-01-24T17:10:15","date_gmt":"2023-01-24T16:10:15","guid":{"rendered":"https:\/\/blogs.diariosur.es\/-que-le-compro-\/?p=6152"},"modified":"2023-01-24T17:10:15","modified_gmt":"2023-01-24T16:10:15","slug":"muelle-uno-estrena-mercado-de-carnaval","status":"publish","type":"post","link":"https:\/\/blogs.diariosur.es\/-que-le-compro-\/2023\/01\/24\/muelle-uno-estrena-mercado-de-carnaval\/","title":{"rendered":"Muelle Uno estrena Mercado de Carnaval"},"content":{"rendered":"<p>Muelle Uno estrena mercado. La fiesta de Don Carnal se acerca y por este motivo se podr\u00e1 disfrutar del Mercado de Carnaval. Permanecer\u00e1 abierto hasta el pr\u00f3ximo 19 de marzo, cada d\u00eda, en la Plaza Principal del recinto portuario. Los visitantes podr\u00e1n encontrar expositores con moda, artesan\u00eda, alimentaci\u00f3n y mucho m\u00e1s.<\/p>\n<p>De 10 a 22 horas en Muelle Uno. \u00a1Avisados qued\u00e1is!<\/p>\n<p><a href=\"https:\/\/static-blogs.diariosur.es\/wp-content\/uploads\/sites\/19\/2023\/01\/mercado.jpg\"><img loading=\"lazy\" class=\"aligncenter size-full wp-image-6153\" src=\"https:\/\/static-blogs.diariosur.es\/wp-content\/uploads\/sites\/19\/2023\/01\/mercado.jpg\" alt=\"\" width=\"713\" height=\"319\" srcset=\"https:\/\/static-blogs.diariosur.es\/wp-content\/uploads\/sites\/19\/2023\/01\/mercado.jpg 713w, https:\/\/static-blogs.diariosur.es\/wp-content\/uploads\/sites\/19\/2023\/01\/mercado-300x134.jpg 300w\" sizes=\"(max-width: 713px) 100vw, 713px\" \/><\/a><\/p>\n","protected":false},"excerpt":{"rendered":"<p>Muelle Uno estrena mercado. La fiesta de Don Carnal se acerca y por este motivo se podr\u00e1 disfrutar del Mercado de Carnaval. Permanecer\u00e1 abierto hasta el pr\u00f3ximo 19 de marzo, cada d\u00eda, en la Plaza Principal del recinto portuario. Los visitantes podr\u00e1n encontrar expositores con moda, artesan\u00eda, alimentaci\u00f3n y mucho m\u00e1s. De 10 a 22 [&hellip;]<\/p>\n","protected":false},"author":24,"featured_media":0,"comment_status":"open","ping_status":"open","sticky":false,"template":"","format":"standard","meta":[],"categories":[2,4],"tags":[4906,2265,2359,4905,2559],"_links":{"self":[{"href":"https:\/\/blogs.diariosur.es\/-que-le-compro-\/wp-json\/wp\/v2\/posts\/6152"}],"collection":[{"href":"https:\/\/blogs.diariosur.es\/-que-le-compro-\/wp-json\/wp\/v2\/posts"}],"about":[{"href":"https:\/\/blogs.diariosur.es\/-que-le-compro-\/wp-json\/wp\/v2\/types\/post"}],"author":[{"embeddable":true,"href":"https:\/\/blogs.diariosur.es\/-que-le-compro-\/wp-json\/wp\/v2\/users\/24"}],"replies":[{"embeddable":true,"href":"https:\/\/blogs.diariosur.es\/-que-le-compro-\/wp-json\/wp\/v2\/comments?post=6152"}],"version-history":[{"count":1,"href":"https:\/\/blogs.diariosur.es\/-que-le-compro-\/wp-json\/wp\/v2\/posts\/6152\/revisions"}],"predecessor-version":[{"id":6154,"href":"https:\/\/blogs.diariosur.es\/-que-le-compro-\/wp-json\/wp\/v2\/posts\/6152\/revisions\/6154"}],"wp:attachment":[{"href":"https:\/\/blogs.diariosur.es\/-que-le-compro-\/wp-json\/wp\/v2\/media?parent=6152"}],"wp:term":[{"taxonomy":"category","embeddable":true,"href":"https:\/\/blogs.diariosur.es\/-que-le-compro-\/wp-json\/wp\/v2\/categories?post=6152"},{"taxonomy":"post_tag","embeddable":true,"href":"https:\/\/blogs.diariosur.es\/-que-le-compro-\/wp-json\/wp\/v2\/tags?post=6152"}],"curies":[{"name":"wp","href":"https:\/\/api.w.org\/{rel}","templated":true}]}}