{"id":6159,"date":"2023-02-01T22:49:31","date_gmt":"2023-02-01T21:49:31","guid":{"rendered":"https:\/\/blogs.diariosur.es\/-que-le-compro-\/?p=6159"},"modified":"2023-02-01T22:49:31","modified_gmt":"2023-02-01T21:49:31","slug":"mercadillos-febrero-malaga-agenda-2","status":"publish","type":"post","link":"https:\/\/blogs.diariosur.es\/-que-le-compro-\/2023\/02\/01\/mercadillos-febrero-malaga-agenda-2\/","title":{"rendered":"Mercadillos para empezar febrero en M\u00e1laga"},"content":{"rendered":"<p>Estrenamos mes, y como suele ser habitual la primera agenda de mercadillos llega cargada. Arranca el viernes en La T\u00e9rmica, que acoge una nueva edici\u00f3n de su\u00a0<strong>REDFriday<\/strong>, que incluye entre sus numerosas actividades un amplio bazar que puede visitarse, con entrada gratuita, de 18 a 00 horas.<\/p>\n<p>El s\u00e1bado, los aficionados\u00a0de\u00a0<strong>Playmobil<\/strong>\u00a0tienen su cita mensual en el mercadillo de los clics del\u00a0edificio M\u00e1laga Ocio, en el parque comercial M\u00e1laga Nostrum, que puede visitarse de diez de la ma\u00f1ana a ocho de la tarde. En\u00a0<strong>Genalguacil<\/strong>\u00a0habr\u00e1 una nueva edici\u00f3n, tambi\u00e9n este s\u00e1bado, de su mercado agro-artesanal, que se celebrar\u00e1 de doce de la ma\u00f1ana a seis de la tarde y en\u00a0<strong>Nerja<\/strong>\u00a0vuelve a la plaza de Espa\u00f1a el We Love Nerja Market con cer\u00e1mica, dise\u00f1o, cosm\u00e9tica, y mucho m\u00e1s.<\/p>\n<p>El domingo se podr\u00e1 disfrutar de una nueva edici\u00f3n de\u00a0<strong>La Merced &amp; Co<\/strong>, que tomar\u00e1 la plaza de la Merced de 11 a 19 horas. Y en Muelle Uno se celebrar\u00e1 en el mismo horario el\u00a0Zoco Maravilla\u00a0en paralelo al <strong>Mercado de Carnaval<\/strong>, abierto\u00a0 abierto hasta el 19 de marzo de 10 a 22 horas todos los d\u00edas. En la provincia destaca el mercadillo dentro de las actividades de la Fiesta de la Matanza de Ardales, que ofrecer\u00e1 degustaciones gastron\u00f3micas y productos artesanales. Y tambi\u00e9n el <strong>Rastrillo Ben\u00e9fico<\/strong> de la Asociaci\u00f3n Horizonte Proyecto Hombre, que se celebrar\u00e1 en el Parque de la Alameda de Marbella de 10 a 18 horas.\u00a0La recaudaci\u00f3n se destinar\u00e1 al mantenimiento de los distintos\u00a0programas de prevenci\u00f3n de la entidad y tratamiento de adicciones y dificultades emocionales.<\/p>\n<p>\u00a1Buen fin de semana!<\/p>\n<div id=\"attachment_6160\" style=\"width: 675px\" class=\"wp-caption aligncenter\"><a href=\"https:\/\/static-blogs.diariosur.es\/wp-content\/uploads\/sites\/19\/2023\/02\/muelle-carnval.jpg\"><img aria-describedby=\"caption-attachment-6160\" loading=\"lazy\" class=\"size-full wp-image-6160\" src=\"https:\/\/static-blogs.diariosur.es\/wp-content\/uploads\/sites\/19\/2023\/02\/muelle-carnval.jpg\" alt=\"\" width=\"665\" height=\"600\" srcset=\"https:\/\/static-blogs.diariosur.es\/wp-content\/uploads\/sites\/19\/2023\/02\/muelle-carnval.jpg 665w, https:\/\/static-blogs.diariosur.es\/wp-content\/uploads\/sites\/19\/2023\/02\/muelle-carnval-300x271.jpg 300w\" sizes=\"(max-width: 665px) 100vw, 665px\" \/><\/a><p id=\"caption-attachment-6160\" class=\"wp-caption-text\">Mercado de Carnaval en Muelle Uno. : M. U.<\/p><\/div>\n","protected":false},"excerpt":{"rendered":"<p>Estrenamos mes, y como suele ser habitual la primera agenda de mercadillos llega cargada. Arranca el viernes en La T\u00e9rmica, que acoge una nueva edici\u00f3n de su\u00a0REDFriday, que incluye entre sus numerosas actividades un amplio bazar que puede visitarse, con entrada gratuita, de 18 a 00 horas. El s\u00e1bado, los aficionados\u00a0de\u00a0Playmobil\u00a0tienen su cita mensual en [&hellip;]<\/p>\n","protected":false},"author":24,"featured_media":0,"comment_status":"open","ping_status":"open","sticky":false,"template":"","format":"standard","meta":[],"categories":[2,3,4,5],"tags":[313,4717,4619,3994,2259,4681,4905,4908],"_links":{"self":[{"href":"https:\/\/blogs.diariosur.es\/-que-le-compro-\/wp-json\/wp\/v2\/posts\/6159"}],"collection":[{"href":"https:\/\/blogs.diariosur.es\/-que-le-compro-\/wp-json\/wp\/v2\/posts"}],"about":[{"href":"https:\/\/blogs.diariosur.es\/-que-le-compro-\/wp-json\/wp\/v2\/types\/post"}],"author":[{"embeddable":true,"href":"https:\/\/blogs.diariosur.es\/-que-le-compro-\/wp-json\/wp\/v2\/users\/24"}],"replies":[{"embeddable":true,"href":"https:\/\/blogs.diariosur.es\/-que-le-compro-\/wp-json\/wp\/v2\/comments?post=6159"}],"version-history":[{"count":1,"href":"https:\/\/blogs.diariosur.es\/-que-le-compro-\/wp-json\/wp\/v2\/posts\/6159\/revisions"}],"predecessor-version":[{"id":6161,"href":"https:\/\/blogs.diariosur.es\/-que-le-compro-\/wp-json\/wp\/v2\/posts\/6159\/revisions\/6161"}],"wp:attachment":[{"href":"https:\/\/blogs.diariosur.es\/-que-le-compro-\/wp-json\/wp\/v2\/media?parent=6159"}],"wp:term":[{"taxonomy":"category","embeddable":true,"href":"https:\/\/blogs.diariosur.es\/-que-le-compro-\/wp-json\/wp\/v2\/categories?post=6159"},{"taxonomy":"post_tag","embeddable":true,"href":"https:\/\/blogs.diariosur.es\/-que-le-compro-\/wp-json\/wp\/v2\/tags?post=6159"}],"curies":[{"name":"wp","href":"https:\/\/api.w.org\/{rel}","templated":true}]}}