{"id":6163,"date":"2023-02-10T14:39:05","date_gmt":"2023-02-10T13:39:05","guid":{"rendered":"https:\/\/blogs.diariosur.es\/-que-le-compro-\/?p=6163"},"modified":"2023-02-10T14:43:54","modified_gmt":"2023-02-10T13:43:54","slug":"mercadillo-quesos-carnaval-malaga","status":"publish","type":"post","link":"https:\/\/blogs.diariosur.es\/-que-le-compro-\/2023\/02\/10\/mercadillo-quesos-carnaval-malaga\/","title":{"rendered":"Quesos, carnaval y artesan\u00eda en los mercadillos de M\u00e1laga"},"content":{"rendered":"<p>El ritmo no para. Febrero llega a su ecuador y tambi\u00e9n este fin de semana vamos a poder disfrutar de una variada agenda de mercadillos en M\u00e1laga. Y adem\u00e1s, muy repartida. En la capital, ya sab\u00e9is que hasta el pr\u00f3ximo 19 de marzo cada d\u00eda abre sus puertas el Mercado de Carnaval de <strong>Muelle Uno<\/strong> de 10 a 22 horas. El s\u00e1bado, los productores reunidos por la asociaci\u00f3n <strong>Guadalhorce Ecol\u00f3gico<\/strong> montar\u00e1n sus expositores en el Paseo de Reding, en La Malagueta (al lado de la plaza de toros) donde estar\u00e1n de 9 a 14 horas.<\/p>\n<p>Y el domingo el <strong>Soho Mercado Urbano<\/strong> celebra una edici\u00f3n especial en la calle Tom\u00e1s Heredia, que podr\u00e1 visitarse de 11 a 19 horas. Adem\u00e1s de los stands, se contar\u00e1 con el taller de barro de Nekamen Cer\u00e1mica, en el que los asistentes\u00a0podr\u00e1s llevarse a casa una pieza creada por ellos mismos. Adem\u00e1s, Proyecto Berta ocupar\u00e1 la parcela solidaria para mostrar su labor de rehabilitaci\u00f3n de los podencos.<\/p>\n<p>En la provincia, destaca el mercado de los quesos de<strong> \u00c1lora<\/strong>, que este fin de semana reunir\u00e1 a 15 queser\u00edas de Andaluc\u00eda y que ofrecer\u00e1 varias actividades paralelas como un concurso de reposter\u00eda, catas de productos o visitas guiadas.<\/p>\n<p>\u00a1Buen fin de semana!<\/p>\n<div id=\"attachment_6166\" style=\"width: 560px\" class=\"wp-caption aligncenter\"><a href=\"https:\/\/static-blogs.diariosur.es\/wp-content\/uploads\/sites\/19\/2023\/02\/pendientes3.jpg\"><img aria-describedby=\"caption-attachment-6166\" loading=\"lazy\" class=\"size-full wp-image-6166\" src=\"https:\/\/static-blogs.diariosur.es\/wp-content\/uploads\/sites\/19\/2023\/02\/pendientes3.jpg\" alt=\"\" width=\"550\" height=\"533\" srcset=\"https:\/\/static-blogs.diariosur.es\/wp-content\/uploads\/sites\/19\/2023\/02\/pendientes3.jpg 550w, https:\/\/static-blogs.diariosur.es\/wp-content\/uploads\/sites\/19\/2023\/02\/pendientes3-300x291.jpg 300w\" sizes=\"(max-width: 550px) 100vw, 550px\" \/><\/a><p id=\"caption-attachment-6166\" class=\"wp-caption-text\">Artesan\u00eda en el Soho Mercado Urbano este domingo. :: Ch. Markets<\/p><\/div>\n","protected":false},"excerpt":{"rendered":"<p>El ritmo no para. Febrero llega a su ecuador y tambi\u00e9n este fin de semana vamos a poder disfrutar de una variada agenda de mercadillos en M\u00e1laga. Y adem\u00e1s, muy repartida. En la capital, ya sab\u00e9is que hasta el pr\u00f3ximo 19 de marzo cada d\u00eda abre sus puertas el Mercado de Carnaval de Muelle Uno [&hellip;]<\/p>\n","protected":false},"author":24,"featured_media":0,"comment_status":"open","ping_status":"open","sticky":false,"template":"","format":"standard","meta":[],"categories":[3,4],"tags":[311,4155,4909,4391,4525],"_links":{"self":[{"href":"https:\/\/blogs.diariosur.es\/-que-le-compro-\/wp-json\/wp\/v2\/posts\/6163"}],"collection":[{"href":"https:\/\/blogs.diariosur.es\/-que-le-compro-\/wp-json\/wp\/v2\/posts"}],"about":[{"href":"https:\/\/blogs.diariosur.es\/-que-le-compro-\/wp-json\/wp\/v2\/types\/post"}],"author":[{"embeddable":true,"href":"https:\/\/blogs.diariosur.es\/-que-le-compro-\/wp-json\/wp\/v2\/users\/24"}],"replies":[{"embeddable":true,"href":"https:\/\/blogs.diariosur.es\/-que-le-compro-\/wp-json\/wp\/v2\/comments?post=6163"}],"version-history":[{"count":2,"href":"https:\/\/blogs.diariosur.es\/-que-le-compro-\/wp-json\/wp\/v2\/posts\/6163\/revisions"}],"predecessor-version":[{"id":6167,"href":"https:\/\/blogs.diariosur.es\/-que-le-compro-\/wp-json\/wp\/v2\/posts\/6163\/revisions\/6167"}],"wp:attachment":[{"href":"https:\/\/blogs.diariosur.es\/-que-le-compro-\/wp-json\/wp\/v2\/media?parent=6163"}],"wp:term":[{"taxonomy":"category","embeddable":true,"href":"https:\/\/blogs.diariosur.es\/-que-le-compro-\/wp-json\/wp\/v2\/categories?post=6163"},{"taxonomy":"post_tag","embeddable":true,"href":"https:\/\/blogs.diariosur.es\/-que-le-compro-\/wp-json\/wp\/v2\/tags?post=6163"}],"curies":[{"name":"wp","href":"https:\/\/api.w.org\/{rel}","templated":true}]}}