{"id":6171,"date":"2023-02-15T20:15:41","date_gmt":"2023-02-15T19:15:41","guid":{"rendered":"https:\/\/blogs.diariosur.es\/-que-le-compro-\/?p=6171"},"modified":"2023-02-15T20:18:48","modified_gmt":"2023-02-15T19:18:48","slug":"mercadillos-carnaval-malaga","status":"publish","type":"post","link":"https:\/\/blogs.diariosur.es\/-que-le-compro-\/2023\/02\/15\/mercadillos-carnaval-malaga\/","title":{"rendered":"El Carnaval se cuela en los mercadillos de M\u00e1laga"},"content":{"rendered":"<p>As\u00ed es, como lees. Porque esta fiesta protagoniza dos de los mercadillos de este fin de semana en M\u00e1laga. Uno se ubica en Muelle Uno, que contin\u00faa con su <strong>Mercado de Carnaval<\/strong> hasta el pr\u00f3ximo 19 de marzo todos los d\u00edas de 10 a 22 horas. Y el otro se desarrollar\u00e1 en <strong>Estepona<\/strong> este fin de semana, ya que entre las actividades por la fiesta de Don Carnal figura un gran bazar.<\/p>\n<p>Adem\u00e1s, el s\u00e1bado se desarrollar\u00e1 el habitual <strong>Friki Market<\/strong>\u00a0del tercer domingo de cada mes en el\u00a0M\u00e1laga Ocio, en el parque comercial M\u00e1laga Nostrum, a partir de las 12 de la ma\u00f1ana.<\/p>\n<p>Para completar, el domingo en el paseo mar\u00edtimo Antonio Banderas (M\u00e1laga capital) habr\u00e1 una nueva edici\u00f3n del <strong>Mercado del Mar<\/strong>, cuyos expositores permanecer\u00e1n instalados desde las once de la ma\u00f1ana hasta las siete de la tarde, y en el mismo horario se podr\u00e1 disfrutar de otro Zoco en Muelle Uno.<\/p>\n<p>\u00a1Buen fin de semana!<\/p>\n<div id=\"attachment_6172\" style=\"width: 810px\" class=\"wp-caption aligncenter\"><a href=\"https:\/\/static-blogs.diariosur.es\/wp-content\/uploads\/sites\/19\/2023\/02\/cuadros2.jpg\"><img aria-describedby=\"caption-attachment-6172\" loading=\"lazy\" class=\"size-full wp-image-6172\" src=\"https:\/\/static-blogs.diariosur.es\/wp-content\/uploads\/sites\/19\/2023\/02\/cuadros2.jpg\" alt=\"\" width=\"800\" height=\"379\" srcset=\"https:\/\/static-blogs.diariosur.es\/wp-content\/uploads\/sites\/19\/2023\/02\/cuadros2.jpg 800w, https:\/\/static-blogs.diariosur.es\/wp-content\/uploads\/sites\/19\/2023\/02\/cuadros2-300x142.jpg 300w, https:\/\/static-blogs.diariosur.es\/wp-content\/uploads\/sites\/19\/2023\/02\/cuadros2-768x364.jpg 768w\" sizes=\"(max-width: 800px) 100vw, 800px\" \/><\/a><p id=\"caption-attachment-6172\" class=\"wp-caption-text\">Artesan\u00eda este domingo en el Mercado del Mar, en Huelin. :: E. Markets<\/p><\/div>\n","protected":false},"excerpt":{"rendered":"<p>As\u00ed es, como lees. Porque esta fiesta protagoniza dos de los mercadillos de este fin de semana en M\u00e1laga. Uno se ubica en Muelle Uno, que contin\u00faa con su Mercado de Carnaval hasta el pr\u00f3ximo 19 de marzo todos los d\u00edas de 10 a 22 horas. Y el otro se desarrollar\u00e1 en Estepona este fin [&hellip;]<\/p>\n","protected":false},"author":24,"featured_media":0,"comment_status":"open","ping_status":"open","sticky":false,"template":"","format":"standard","meta":[],"categories":[2,3,4],"tags":[4912,4709,2246,2253,2359,4905,4705],"_links":{"self":[{"href":"https:\/\/blogs.diariosur.es\/-que-le-compro-\/wp-json\/wp\/v2\/posts\/6171"}],"collection":[{"href":"https:\/\/blogs.diariosur.es\/-que-le-compro-\/wp-json\/wp\/v2\/posts"}],"about":[{"href":"https:\/\/blogs.diariosur.es\/-que-le-compro-\/wp-json\/wp\/v2\/types\/post"}],"author":[{"embeddable":true,"href":"https:\/\/blogs.diariosur.es\/-que-le-compro-\/wp-json\/wp\/v2\/users\/24"}],"replies":[{"embeddable":true,"href":"https:\/\/blogs.diariosur.es\/-que-le-compro-\/wp-json\/wp\/v2\/comments?post=6171"}],"version-history":[{"count":2,"href":"https:\/\/blogs.diariosur.es\/-que-le-compro-\/wp-json\/wp\/v2\/posts\/6171\/revisions"}],"predecessor-version":[{"id":6174,"href":"https:\/\/blogs.diariosur.es\/-que-le-compro-\/wp-json\/wp\/v2\/posts\/6171\/revisions\/6174"}],"wp:attachment":[{"href":"https:\/\/blogs.diariosur.es\/-que-le-compro-\/wp-json\/wp\/v2\/media?parent=6171"}],"wp:term":[{"taxonomy":"category","embeddable":true,"href":"https:\/\/blogs.diariosur.es\/-que-le-compro-\/wp-json\/wp\/v2\/categories?post=6171"},{"taxonomy":"post_tag","embeddable":true,"href":"https:\/\/blogs.diariosur.es\/-que-le-compro-\/wp-json\/wp\/v2\/tags?post=6171"}],"curies":[{"name":"wp","href":"https:\/\/api.w.org\/{rel}","templated":true}]}}