{"id":6185,"date":"2023-03-09T15:50:24","date_gmt":"2023-03-09T14:50:24","guid":{"rendered":"https:\/\/blogs.diariosur.es\/-que-le-compro-\/?p=6185"},"modified":"2023-03-09T15:50:24","modified_gmt":"2023-03-09T14:50:24","slug":"mercadillos-gastronomia-malaga-marzo","status":"publish","type":"post","link":"https:\/\/blogs.diariosur.es\/-que-le-compro-\/2023\/03\/09\/mercadillos-gastronomia-malaga-marzo\/","title":{"rendered":"Mercadillos con mucho gusto en M\u00e1laga"},"content":{"rendered":"<p>La gastronom\u00eda manda en la agenda de mercadillos de este fin de semana en M\u00e1laga, por que hay varias citas con la alimentaci\u00f3n como protagonista. La primera es la que arranca este viernes en <strong>Torremolinos<\/strong>, concretamente en la Avenida Palma de Mallorca, donde Sabor a M\u00e1laga celebrar\u00e1 una feria hasta el domingo. El horario es de 11 a 22 horas el viernes y el s\u00e1bado y el domingo de 11 a 21. En ese mismo especio, en la zona peatonal, el s\u00e1bado la asociaci\u00f3n de artesanos Atenea llevar\u00e1 a cabo su mercadillo semanal, de 1o a 15 horas.<\/p>\n<p>En la capital, el paseo de Reding (junto a la plaza de toros) acoger\u00e1 el s\u00e1bado un ecomercadillo de la asociaci\u00f3n <strong>Guadalhorce Ecol\u00f3gico<\/strong> de 9 a 14 horas. Y el domingo otro mercadillo para darse un gustazo en la provincia: el del Queso de cabra y vino aut\u00f3ctono, que se llevar\u00e1 a cabo en el Paseo Larios de <strong>Torre del Mar<\/strong> de once de la ma\u00f1ana a seis de la tarde.<\/p>\n<p>Para rematar la agenda, en Muelle Uno se podr\u00e1 visitar el\u00a0<strong>Mercado de Carnaval<\/strong>, abierto todos los d\u00edas hasta el 19 de marzo de 10 a 22 horas y una nueva edici\u00f3n del Zoco.<\/p>\n<p>\u00a1Buen fin de semana!<\/p>\n<div id=\"attachment_6186\" style=\"width: 778px\" class=\"wp-caption aligncenter\"><a href=\"https:\/\/static-blogs.diariosur.es\/wp-content\/uploads\/sites\/19\/2023\/03\/flores2.jpg\"><img aria-describedby=\"caption-attachment-6186\" loading=\"lazy\" class=\"size-full wp-image-6186\" src=\"https:\/\/static-blogs.diariosur.es\/wp-content\/uploads\/sites\/19\/2023\/03\/flores2.jpg\" alt=\"\" width=\"768\" height=\"698\" srcset=\"https:\/\/static-blogs.diariosur.es\/wp-content\/uploads\/sites\/19\/2023\/03\/flores2.jpg 768w, https:\/\/static-blogs.diariosur.es\/wp-content\/uploads\/sites\/19\/2023\/03\/flores2-300x273.jpg 300w\" sizes=\"(max-width: 768px) 100vw, 768px\" \/><\/a><p id=\"caption-attachment-6186\" class=\"wp-caption-text\">Artesan\u00eda en Torremolinos este s\u00e1bado. :: Atenea<\/p><\/div>\n","protected":false},"excerpt":{"rendered":"<p>La gastronom\u00eda manda en la agenda de mercadillos de este fin de semana en M\u00e1laga, por que hay varias citas con la alimentaci\u00f3n como protagonista. La primera es la que arranca este viernes en Torremolinos, concretamente en la Avenida Palma de Mallorca, donde Sabor a M\u00e1laga celebrar\u00e1 una feria hasta el domingo. El horario es [&hellip;]<\/p>\n","protected":false},"author":24,"featured_media":0,"comment_status":"open","ping_status":"open","sticky":false,"template":"","format":"standard","meta":[],"categories":[3,4],"tags":[4390,4344,2227,4207,4913,4914,3972],"_links":{"self":[{"href":"https:\/\/blogs.diariosur.es\/-que-le-compro-\/wp-json\/wp\/v2\/posts\/6185"}],"collection":[{"href":"https:\/\/blogs.diariosur.es\/-que-le-compro-\/wp-json\/wp\/v2\/posts"}],"about":[{"href":"https:\/\/blogs.diariosur.es\/-que-le-compro-\/wp-json\/wp\/v2\/types\/post"}],"author":[{"embeddable":true,"href":"https:\/\/blogs.diariosur.es\/-que-le-compro-\/wp-json\/wp\/v2\/users\/24"}],"replies":[{"embeddable":true,"href":"https:\/\/blogs.diariosur.es\/-que-le-compro-\/wp-json\/wp\/v2\/comments?post=6185"}],"version-history":[{"count":1,"href":"https:\/\/blogs.diariosur.es\/-que-le-compro-\/wp-json\/wp\/v2\/posts\/6185\/revisions"}],"predecessor-version":[{"id":6187,"href":"https:\/\/blogs.diariosur.es\/-que-le-compro-\/wp-json\/wp\/v2\/posts\/6185\/revisions\/6187"}],"wp:attachment":[{"href":"https:\/\/blogs.diariosur.es\/-que-le-compro-\/wp-json\/wp\/v2\/media?parent=6185"}],"wp:term":[{"taxonomy":"category","embeddable":true,"href":"https:\/\/blogs.diariosur.es\/-que-le-compro-\/wp-json\/wp\/v2\/categories?post=6185"},{"taxonomy":"post_tag","embeddable":true,"href":"https:\/\/blogs.diariosur.es\/-que-le-compro-\/wp-json\/wp\/v2\/tags?post=6185"}],"curies":[{"name":"wp","href":"https:\/\/api.w.org\/{rel}","templated":true}]}}