{"id":6247,"date":"2023-06-15T19:46:45","date_gmt":"2023-06-15T17:46:45","guid":{"rendered":"https:\/\/blogs.diariosur.es\/-que-le-compro-\/?p=6247"},"modified":"2023-06-15T19:46:45","modified_gmt":"2023-06-15T17:46:45","slug":"mercadillos-verano-malaga-horarios-cambios","status":"publish","type":"post","link":"https:\/\/blogs.diariosur.es\/-que-le-compro-\/2023\/06\/15\/mercadillos-verano-malaga-horarios-cambios\/","title":{"rendered":"Estrenos y cambios de horario en mercadillos de M\u00e1laga"},"content":{"rendered":"<p>El verano ya est\u00e1 aqu\u00ed, y por si alguien tiene dudas, la agenda de mercadillos contin\u00faa. Lo que cambia (s\u00f3lo) es el horario de algunas de las propuestas, y por ejemplo este fin de semana ya hay modificaciones. Es el caso del mercado de la asociaci\u00f3n de artesanos Atenea, que tomar\u00e1n la peatonal de la avenida Palma de Mallorca de <strong>Torremolinos<\/strong> el s\u00e1bado de 18 a 23 horas, en vez de por las ma\u00f1anas. Y en Benalm\u00e1dena, concretamente en la plaza Torrebermeja de <strong>Puerto Marina<\/strong>, se puede visitar cada d\u00eda el Mercado de Verano de 12 a 23 horas.<\/p>\n<p>Tambi\u00e9n este s\u00e1bado llegar\u00e1 nueva edici\u00f3n del\u00a0<strong>Friki Market<\/strong>\u00a0en M\u00e1laga Ocio, en el parque comercial M\u00e1laga Nostrum, de 12 a 22 horas.<\/p>\n<p>El domingo, en el paseo mar\u00edtimo Antonio Banderas se celebrar\u00e1 de 11 a 19 horas el<strong>\u00a0Mercado artesanal del Mar.\u00a0<\/strong><\/p>\n<p>Adem\u00e1s, los mercadillos de\u00a0<strong>Guadalhorce Ecol\u00f3gico<\/strong>\u00a0se instalar\u00e1n el s\u00e1bado en la avenida Espa\u00f1a, en Pinar de Elviria (Marbella) y el domingo en Benalm\u00e1dena, en el recinto ferial del Parque de la Paloma, en ambos casos de 9 a 14 horas.<\/p>\n<p>\u00a1Buen fin de semana!<\/p>\n<div id=\"attachment_6248\" style=\"width: 1034px\" class=\"wp-caption aligncenter\"><a href=\"https:\/\/static-blogs.diariosur.es\/wp-content\/uploads\/sites\/19\/2023\/06\/mercadillo-huelin.jpg\"><img aria-describedby=\"caption-attachment-6248\" loading=\"lazy\" class=\"size-large wp-image-6248\" src=\"https:\/\/static-blogs.diariosur.es\/wp-content\/uploads\/sites\/19\/2023\/06\/mercadillo-huelin-1024x563.jpg\" alt=\"\" width=\"1024\" height=\"563\" srcset=\"https:\/\/static-blogs.diariosur.es\/wp-content\/uploads\/sites\/19\/2023\/06\/mercadillo-huelin-1024x563.jpg 1024w, https:\/\/static-blogs.diariosur.es\/wp-content\/uploads\/sites\/19\/2023\/06\/mercadillo-huelin-300x165.jpg 300w, https:\/\/static-blogs.diariosur.es\/wp-content\/uploads\/sites\/19\/2023\/06\/mercadillo-huelin-768x422.jpg 768w, https:\/\/static-blogs.diariosur.es\/wp-content\/uploads\/sites\/19\/2023\/06\/mercadillo-huelin.jpg 2026w\" sizes=\"(max-width: 1024px) 100vw, 1024px\" \/><\/a><p id=\"caption-attachment-6248\" class=\"wp-caption-text\">Artesan\u00eda en el Mercado del Mar. :: A. Zucas<\/p><\/div>\n","protected":false},"excerpt":{"rendered":"<p>El verano ya est\u00e1 aqu\u00ed, y por si alguien tiene dudas, la agenda de mercadillos contin\u00faa. Lo que cambia (s\u00f3lo) es el horario de algunas de las propuestas, y por ejemplo este fin de semana ya hay modificaciones. Es el caso del mercado de la asociaci\u00f3n de artesanos Atenea, que tomar\u00e1n la peatonal de la [&hellip;]<\/p>\n","protected":false},"author":24,"featured_media":0,"comment_status":"open","ping_status":"open","sticky":false,"template":"","format":"standard","meta":[],"categories":[3,4],"tags":[4390,311,2353,4931,4705],"_links":{"self":[{"href":"https:\/\/blogs.diariosur.es\/-que-le-compro-\/wp-json\/wp\/v2\/posts\/6247"}],"collection":[{"href":"https:\/\/blogs.diariosur.es\/-que-le-compro-\/wp-json\/wp\/v2\/posts"}],"about":[{"href":"https:\/\/blogs.diariosur.es\/-que-le-compro-\/wp-json\/wp\/v2\/types\/post"}],"author":[{"embeddable":true,"href":"https:\/\/blogs.diariosur.es\/-que-le-compro-\/wp-json\/wp\/v2\/users\/24"}],"replies":[{"embeddable":true,"href":"https:\/\/blogs.diariosur.es\/-que-le-compro-\/wp-json\/wp\/v2\/comments?post=6247"}],"version-history":[{"count":1,"href":"https:\/\/blogs.diariosur.es\/-que-le-compro-\/wp-json\/wp\/v2\/posts\/6247\/revisions"}],"predecessor-version":[{"id":6249,"href":"https:\/\/blogs.diariosur.es\/-que-le-compro-\/wp-json\/wp\/v2\/posts\/6247\/revisions\/6249"}],"wp:attachment":[{"href":"https:\/\/blogs.diariosur.es\/-que-le-compro-\/wp-json\/wp\/v2\/media?parent=6247"}],"wp:term":[{"taxonomy":"category","embeddable":true,"href":"https:\/\/blogs.diariosur.es\/-que-le-compro-\/wp-json\/wp\/v2\/categories?post=6247"},{"taxonomy":"post_tag","embeddable":true,"href":"https:\/\/blogs.diariosur.es\/-que-le-compro-\/wp-json\/wp\/v2\/tags?post=6247"}],"curies":[{"name":"wp","href":"https:\/\/api.w.org\/{rel}","templated":true}]}}