{"id":6264,"date":"2023-08-16T23:23:00","date_gmt":"2023-08-16T21:23:00","guid":{"rendered":"https:\/\/blogs.diariosur.es\/-que-le-compro-\/?p=6264"},"modified":"2023-08-17T18:34:23","modified_gmt":"2023-08-17T16:34:23","slug":"mercadillos-malaga-agosto-friki-feria","status":"publish","type":"post","link":"https:\/\/blogs.diariosur.es\/-que-le-compro-\/2023\/08\/16\/mercadillos-malaga-agosto-friki-feria\/","title":{"rendered":"Muchos mercadillos para elegir en M\u00e1laga en agosto"},"content":{"rendered":"<p>Est\u00e9s de vacaciones o no, haz un hueco este fin de semana a los mercadillos artesanales, porque la ocasi\u00f3n lo merece. Ellos s\u00ed que no se van de descanso, as\u00ed que toma nota de todas las citas que se pueden disfrutar en M\u00e1laga en este tercer &#8216;finde&#8217; de agosto.<\/p>\n<p>Por un lado, la asociaci\u00f3n de artesanos y artesanas Atenea sigue con su mercado en la zona peatonal de la Avenida Palma de Mallorca (<strong>Torremolinos<\/strong>) los viernes de 18 a 23 horas, mientras que los s\u00e1bados tendr\u00e1 el mismo horario pero en La Carihuela, entre Cruz Roja y el colegio Albaida.<\/p>\n<p>Tambi\u00e9n los s\u00e1bados e<strong>n Nueva Andaluc\u00eda<\/strong> (Marbella), concretamente en la Avenida Manolete 1, permanece abierto el Street Market de Centro Plaza Marbella de 10 a 14.30 horas.\u00a0Por su parte, el Mercado de Artesan\u00eda de\u00a0Fuengirola sigue abierto hasta el 17 de septiembre en el Paseo Mar\u00edtimo de\u00a0<strong>Los Boliches<\/strong>, en el tramo comprendido entre el arroyo Real y el monumento a la Peseta, donde diez\u00a0caba\u00f1as de madera con distintos art\u00edculos mostrar\u00e1n el trabajo de artesanos en metal, cuero, cristal o piedra.<\/p>\n<p>En la capital, este s\u00e1bado s\u00e1bado llegar\u00e1 nueva edici\u00f3n del\u00a0<strong>Friki Market<\/strong>\u00a0en M\u00e1laga Ocio, en el parque comercial M\u00e1laga Nostrum, de 12 a 22 horas y en el que habr\u00e1 premios para los que se asistan disfrazados. Esta iniciativa se desarrollar\u00e1 en paralelo al mercadillo friki solidario en el mercado de San Francisco de <strong>V\u00e9lez-M\u00e1laga<\/strong>, de las 17 a las 00 horas y cuya recaudaci\u00f3n\u00a0recaudaci\u00f3n ir\u00e1 destinada a la ONG Infancia Solidaria.<\/p>\n<div id=\"attachment_6265\" style=\"width: 1034px\" class=\"wp-caption aligncenter\"><a href=\"https:\/\/static-blogs.diariosur.es\/wp-content\/uploads\/sites\/19\/2023\/08\/mercado-muelle.jpg\"><img aria-describedby=\"caption-attachment-6265\" loading=\"lazy\" class=\"size-large wp-image-6265\" src=\"https:\/\/static-blogs.diariosur.es\/wp-content\/uploads\/sites\/19\/2023\/08\/mercado-muelle-1024x651.jpg\" alt=\"\" width=\"1024\" height=\"651\" srcset=\"https:\/\/static-blogs.diariosur.es\/wp-content\/uploads\/sites\/19\/2023\/08\/mercado-muelle-1024x651.jpg 1024w, https:\/\/static-blogs.diariosur.es\/wp-content\/uploads\/sites\/19\/2023\/08\/mercado-muelle-300x191.jpg 300w, https:\/\/static-blogs.diariosur.es\/wp-content\/uploads\/sites\/19\/2023\/08\/mercado-muelle-768x488.jpg 768w, https:\/\/static-blogs.diariosur.es\/wp-content\/uploads\/sites\/19\/2023\/08\/mercado-muelle.jpg 1066w\" sizes=\"(max-width: 1024px) 100vw, 1024px\" \/><\/a><p id=\"caption-attachment-6265\" class=\"wp-caption-text\">El Mercado de Verano de Muelle Uno abre diariamente hasta septiembre. :: M. Uno<\/p><\/div>\n<p>El domingo, en el paseo mar\u00edtimo Antonio Banderas se celebrar\u00e1 de 11 a 19 horas el<strong>\u00a0Mercado artesanal del Mar\u00a0<\/strong>y ya sab\u00e9is que\u00a0\u00a0contin\u00faa el Mercado de Verano de\u00a0<strong>Muelle Uno,<\/strong>\u00a0que abre hasta septiembre de 11 a 23 horas de lunes a jueves y de 12 a 00 de viernes a domingo. Este domingo coincidir\u00e1 con una nueva edici\u00f3n del Zoco, que se celebrar\u00e1 de doce de la ma\u00f1ana a ocho de la tarde.<\/p>\n<p>Para completar, los mercadillos de\u00a0<strong>Guadalhorce Ecol\u00f3gico<\/strong>\u00a0se instalar\u00e1n el s\u00e1bado en la avenida Espa\u00f1a, en Pinar de Elviria (Marbella) y el domingo en Benalm\u00e1dena, en el recinto ferial del Parque de la Paloma, en ambos casos de 9 a 14 horas.<\/p>\n<p>\u00a1Buen fin de semana!<\/p>\n","protected":false},"excerpt":{"rendered":"<p>Est\u00e9s de vacaciones o no, haz un hueco este fin de semana a los mercadillos artesanales, porque la ocasi\u00f3n lo merece. Ellos s\u00ed que no se van de descanso, as\u00ed que toma nota de todas las citas que se pueden disfrutar en M\u00e1laga en este tercer &#8216;finde&#8217; de agosto. Por un lado, la asociaci\u00f3n de [&hellip;]<\/p>\n","protected":false},"author":24,"featured_media":0,"comment_status":"open","ping_status":"open","sticky":false,"template":"","format":"standard","meta":[],"categories":[2,3,4],"tags":[311,4943,2251,4944,4155,4928,4444,3972],"_links":{"self":[{"href":"https:\/\/blogs.diariosur.es\/-que-le-compro-\/wp-json\/wp\/v2\/posts\/6264"}],"collection":[{"href":"https:\/\/blogs.diariosur.es\/-que-le-compro-\/wp-json\/wp\/v2\/posts"}],"about":[{"href":"https:\/\/blogs.diariosur.es\/-que-le-compro-\/wp-json\/wp\/v2\/types\/post"}],"author":[{"embeddable":true,"href":"https:\/\/blogs.diariosur.es\/-que-le-compro-\/wp-json\/wp\/v2\/users\/24"}],"replies":[{"embeddable":true,"href":"https:\/\/blogs.diariosur.es\/-que-le-compro-\/wp-json\/wp\/v2\/comments?post=6264"}],"version-history":[{"count":3,"href":"https:\/\/blogs.diariosur.es\/-que-le-compro-\/wp-json\/wp\/v2\/posts\/6264\/revisions"}],"predecessor-version":[{"id":6268,"href":"https:\/\/blogs.diariosur.es\/-que-le-compro-\/wp-json\/wp\/v2\/posts\/6264\/revisions\/6268"}],"wp:attachment":[{"href":"https:\/\/blogs.diariosur.es\/-que-le-compro-\/wp-json\/wp\/v2\/media?parent=6264"}],"wp:term":[{"taxonomy":"category","embeddable":true,"href":"https:\/\/blogs.diariosur.es\/-que-le-compro-\/wp-json\/wp\/v2\/categories?post=6264"},{"taxonomy":"post_tag","embeddable":true,"href":"https:\/\/blogs.diariosur.es\/-que-le-compro-\/wp-json\/wp\/v2\/tags?post=6264"}],"curies":[{"name":"wp","href":"https:\/\/api.w.org\/{rel}","templated":true}]}}