{"id":6270,"date":"2023-08-24T16:50:57","date_gmt":"2023-08-24T14:50:57","guid":{"rendered":"https:\/\/blogs.diariosur.es\/-que-le-compro-\/?p=6270"},"modified":"2023-08-25T16:30:34","modified_gmt":"2023-08-25T14:30:34","slug":"zoco-arabe-benalmadena-frigiliana-mercadillos-malaga","status":"publish","type":"post","link":"https:\/\/blogs.diariosur.es\/-que-le-compro-\/2023\/08\/24\/zoco-arabe-benalmadena-frigiliana-mercadillos-malaga\/","title":{"rendered":"Zoco \u00e1rabe en Benalm\u00e1dena, en Frigiliana y otros mercadillos"},"content":{"rendered":"<p>Agosto se despide con una interesante agenda de mercadillos en M\u00e1laga en la que la provincia vuelve a ganar la partida, y con tres novedades. Una de ellas se sit\u00faa en <strong>Benalm\u00e1dena pueblo<\/strong>, donde desde este jueves y hasta el domingo puede visitarse un gran zoco \u00e1rabe con 40 puestos instalados entre la calle Real y la iglesia de Santo Domingo de Guzm\u00e1n. El otro estreno es el gran bazar que podr\u00e1 disfrutarse, del viernes al domingo, en <strong>Frigiliana<\/strong> con motivo de las actividades de su popular Festival 3 Culturas. Tambi\u00e9n del viernes al domingo hay otra cita interesante en <strong>Alfarnate<\/strong>, que se transforma en un poblado medieval por la celebraci\u00f3n del festival Al- Farnat, con numerosas actividades entre las que figura un gran mercado.<\/p>\n<p>Estas dos citas se unen a los &#8216;cl\u00e1sicos&#8217; de este verano. Por un lado, ya sab\u00e9is que en la zona peatonal de la Avenida Palma de Mallorca (<strong>Torremolinos<\/strong>) los viernes de 18 a 23 horas la asociaci\u00f3n de artesanos Atenea despliega a sus creadores mientras que los s\u00e1bados tendr\u00e1 el mismo horario pero en la Carihuela, entre Cruz Roja y el colegio Albaida. Tambi\u00e9n los s\u00e1bados en Nueva Andaluc\u00eda (Marbella), concretamente en la Avenida Manolete 1, permanece abierto el Street Market de Centro Plaza Marbella de 10 a 14.30 horas.\u00a0Paralelamente, en la plaza Torrebermeja de\u00a0<strong>Puerto Marina<\/strong>, se puede disfrutarse diariamente el Mercado de Verano de 12 a 23 horas.<\/p>\n<p>Adem\u00e1s, el Mercado de Artesan\u00eda de\u00a0Fuengirola sigue abierto hasta el 17 de septiembre en el Paseo Mar\u00edtimo de\u00a0<strong>Los Boliches<\/strong>, en el tramo comprendido entre el arroyo Real y el monumento a la Peseta, con diez caba\u00f1as de madera. Y hasta esa fecha tambi\u00e9n contin\u00faa abierto\u00a0el Mercado de Verano de\u00a0<strong>Muelle Uno,<\/strong>\u00a0que puede visitarse de 11 a 23 horas de lunes a jueves y de 12 a 00 de viernes a domingo.<\/p>\n<p>Los que busqu\u00e9is los <strong>ecomercados<\/strong> de la asociaci\u00f3n Guadalhorce Ecol\u00f3gico, que sep\u00e1is que esta semana se les podr\u00e1 encontrar el s\u00e1bado en el Parque Huelin, en la capital, mientras que el domingo estar\u00e1 en el bulevar de La Cala de Mijas. En ambos casos, de 9 a 13.30 horas.<\/p>\n<p>Y para completar, el\u00a0<b>Mercado Urbano del Soho<\/b>, volver\u00e1 a tomar la c\u00e9ntrica calle Tom\u00e1s Heredia, en M\u00e1laga capital, con sus distintos expositores de 11 a 19 horas. Proyecto Berta ocupar\u00e1 la parcela solidaria.<\/p>\n<p>\u00a1Buen fin de semana!<\/p>\n<div id=\"attachment_6271\" style=\"width: 910px\" class=\"wp-caption aligncenter\"><a href=\"https:\/\/static-blogs.diariosur.es\/wp-content\/uploads\/sites\/19\/2023\/08\/frigiliana2.jpg\"><img aria-describedby=\"caption-attachment-6271\" loading=\"lazy\" class=\"size-full wp-image-6271\" src=\"https:\/\/static-blogs.diariosur.es\/wp-content\/uploads\/sites\/19\/2023\/08\/frigiliana2.jpg\" alt=\"\" width=\"900\" height=\"596\" srcset=\"https:\/\/static-blogs.diariosur.es\/wp-content\/uploads\/sites\/19\/2023\/08\/frigiliana2.jpg 900w, https:\/\/static-blogs.diariosur.es\/wp-content\/uploads\/sites\/19\/2023\/08\/frigiliana2-300x199.jpg 300w, https:\/\/static-blogs.diariosur.es\/wp-content\/uploads\/sites\/19\/2023\/08\/frigiliana2-768x509.jpg 768w\" sizes=\"(max-width: 900px) 100vw, 900px\" \/><\/a><p id=\"caption-attachment-6271\" class=\"wp-caption-text\">Una edici\u00f3n anterior del gran bazar en el Festival 3 Culturas de Frigiliana. :: E. Cabezas<\/p><\/div>\n","protected":false},"excerpt":{"rendered":"<p>Agosto se despide con una interesante agenda de mercadillos en M\u00e1laga en la que la provincia vuelve a ganar la partida, y con tres novedades. Una de ellas se sit\u00faa en Benalm\u00e1dena pueblo, donde desde este jueves y hasta el domingo puede visitarse un gran zoco \u00e1rabe con 40 puestos instalados entre la calle Real [&hellip;]<\/p>\n","protected":false},"author":24,"featured_media":0,"comment_status":"open","ping_status":"open","sticky":false,"template":"","format":"standard","meta":[],"categories":[3,4],"tags":[4952,4948,4953,2352,4949,4928,4444,4945,4947,4950,4951,4946,4067],"_links":{"self":[{"href":"https:\/\/blogs.diariosur.es\/-que-le-compro-\/wp-json\/wp\/v2\/posts\/6270"}],"collection":[{"href":"https:\/\/blogs.diariosur.es\/-que-le-compro-\/wp-json\/wp\/v2\/posts"}],"about":[{"href":"https:\/\/blogs.diariosur.es\/-que-le-compro-\/wp-json\/wp\/v2\/types\/post"}],"author":[{"embeddable":true,"href":"https:\/\/blogs.diariosur.es\/-que-le-compro-\/wp-json\/wp\/v2\/users\/24"}],"replies":[{"embeddable":true,"href":"https:\/\/blogs.diariosur.es\/-que-le-compro-\/wp-json\/wp\/v2\/comments?post=6270"}],"version-history":[{"count":4,"href":"https:\/\/blogs.diariosur.es\/-que-le-compro-\/wp-json\/wp\/v2\/posts\/6270\/revisions"}],"predecessor-version":[{"id":6275,"href":"https:\/\/blogs.diariosur.es\/-que-le-compro-\/wp-json\/wp\/v2\/posts\/6270\/revisions\/6275"}],"wp:attachment":[{"href":"https:\/\/blogs.diariosur.es\/-que-le-compro-\/wp-json\/wp\/v2\/media?parent=6270"}],"wp:term":[{"taxonomy":"category","embeddable":true,"href":"https:\/\/blogs.diariosur.es\/-que-le-compro-\/wp-json\/wp\/v2\/categories?post=6270"},{"taxonomy":"post_tag","embeddable":true,"href":"https:\/\/blogs.diariosur.es\/-que-le-compro-\/wp-json\/wp\/v2\/tags?post=6270"}],"curies":[{"name":"wp","href":"https:\/\/api.w.org\/{rel}","templated":true}]}}