{"id":6276,"date":"2023-08-31T19:51:54","date_gmt":"2023-08-31T17:51:54","guid":{"rendered":"https:\/\/blogs.diariosur.es\/-que-le-compro-\/?p=6276"},"modified":"2023-08-31T19:55:01","modified_gmt":"2023-08-31T17:55:01","slug":"market-laplaza-mercadillos-malaga-septiembre","status":"publish","type":"post","link":"https:\/\/blogs.diariosur.es\/-que-le-compro-\/2023\/08\/31\/market-laplaza-mercadillos-malaga-septiembre\/","title":{"rendered":"Market la Plaza y m\u00e1s mercadillos en M\u00e1laga este primer finde"},"content":{"rendered":"<p>\u00a1Arrancamos septiembre con estreno! Ser\u00e1 este s\u00e1bado en el centro comercial M\u00e1laga Plaza, que inaugura una pop up que se celebrar\u00e1 en adelante cada primer s\u00e1bado del mes. Se celebrar\u00e1 de 10 a 21 horas en la planta baja del recinto, y contar\u00e1 con la participaci\u00f3n de 10 marcas emergentes de diversos sectores: moda, decoraci\u00f3n, complementos, artesan\u00eda&#8230; Se ha bautizado como <strong>Market la Plaza<\/strong>; \u00a1bienvenidos y suerte!<br \/>\nAdem\u00e1s, este 2 de septiembre, salvo imprevistos, se llevar\u00e1 a cabo en <strong>Genalguacil<\/strong> el mercado agroartesanal, que se desarrollar\u00e1 de 19 a 00 horas en la plaza de la Constituci\u00f3n de este municipio. All\u00ed se podr\u00e1 encontrar artesan\u00eda local, productos agroecol\u00f3gicos de la zona, algo para picar y un taller de huellas gratuito.<\/p>\n<p>En la capital, los seguidores de\u00a0<strong>Playmobil<\/strong>\u00a0tienen su cita mensual en el mercadillo de los clicks del\u00a0edificio M\u00e1laga Ocio, en el parque comercial M\u00e1laga Nostrum, que permanecer\u00e1 abierto de diez de la ma\u00f1ana a ocho de la tarde. Y en\u00a0<strong>Plaza Mayor<\/strong>, como es habitual el primer s\u00e1bado de cada mes, se desarrollar\u00e1 por la ma\u00f1ana el Mercado de las Flores, con talleres y charlas. Pasando ahora a la provincia, en la plaza de Espa\u00f1a de\u00a0<strong>Nerja s<\/strong>e celebra el We Love Nerja Market, en Genalguacil de 12 a 18 se desarrollar\u00e1 el Mercado Agro-Artesanal, en la plaza de la iglesia y en la peatonal de la Avenida de Palma de Mallorca de Torremolinos estar\u00e1n los creadores reunidos por la asociaci\u00f3n Atenea.<\/p>\n<p>Y el domingo, si no hay cambios, habr\u00e1\u00a0<strong>Zoco de Muelle Uno<\/strong>\u00a0(que se celebrar\u00e1 en paralelo a su Mercado de Verano, abierto hasta el 17 de septiembre) de 12 a 19 horas mientras que en la plaza de la Merced, estar\u00e1 el mercadillo de\u00a0<strong>La Merced &amp; Co<\/strong>\u00a0que ser\u00e1 de 11 a 19 horas.<\/p>\n<div id=\"attachment_6277\" style=\"width: 1034px\" class=\"wp-caption aligncenter\"><a href=\"https:\/\/static-blogs.diariosur.es\/wp-content\/uploads\/sites\/19\/2023\/08\/merced-stand.jpg\"><img aria-describedby=\"caption-attachment-6277\" loading=\"lazy\" class=\"size-large wp-image-6277\" src=\"https:\/\/static-blogs.diariosur.es\/wp-content\/uploads\/sites\/19\/2023\/08\/merced-stand-1024x830.jpg\" alt=\"\" width=\"1024\" height=\"830\" srcset=\"https:\/\/static-blogs.diariosur.es\/wp-content\/uploads\/sites\/19\/2023\/08\/merced-stand-1024x830.jpg 1024w, https:\/\/static-blogs.diariosur.es\/wp-content\/uploads\/sites\/19\/2023\/08\/merced-stand-300x243.jpg 300w, https:\/\/static-blogs.diariosur.es\/wp-content\/uploads\/sites\/19\/2023\/08\/merced-stand-768x622.jpg 768w, https:\/\/static-blogs.diariosur.es\/wp-content\/uploads\/sites\/19\/2023\/08\/merced-stand.jpg 1102w\" sizes=\"(max-width: 1024px) 100vw, 1024px\" \/><\/a><p id=\"caption-attachment-6277\" class=\"wp-caption-text\">Artesan\u00eda en La Merced &amp; Co, este domingo: :: Cats Markets<\/p><\/div>\n<p>Y a esta lista hay que a\u00f1adir los que se llevan celebrado este verano: el de la asociaci\u00f3n Atenea en la Avenida Palma de Mallorca (<strong>Torremolinos<\/strong>) los viernes de 18 a 23 horas y los s\u00e1bados en la Carihuela, entre Cruz Roja y el colegio Albaida, con el mismo horario. Tambi\u00e9n los s\u00e1bados en Nueva Andaluc\u00eda (Marbella), concretamente en la Avenida Manolete 1, sigue el Street Market de Centro Plaza Marbella de 10 a 14.30 horas y en la plaza Torrebermeja de\u00a0<strong>Puerto Marina<\/strong>, puede visitarse diariamente el Mercado de Verano de 12 a 23 horas.<\/p>\n<p>Adem\u00e1s, el Mercado de Artesan\u00eda de\u00a0Fuengirola sigue abierto hasta el 17 de septiembre en el Paseo Mar\u00edtimo de\u00a0<strong>Los Boliches<\/strong>, en el tramo comprendido entre el arroyo Real y el monumento a la Peseta.<\/p>\n<p>\u00a1Buen fin de semana!<\/p>\n<p>&nbsp;<\/p>\n","protected":false},"excerpt":{"rendered":"<p>\u00a1Arrancamos septiembre con estreno! Ser\u00e1 este s\u00e1bado en el centro comercial M\u00e1laga Plaza, que inaugura una pop up que se celebrar\u00e1 en adelante cada primer s\u00e1bado del mes. Se celebrar\u00e1 de 10 a 21 horas en la planta baja del recinto, y contar\u00e1 con la participaci\u00f3n de 10 marcas emergentes de diversos sectores: moda, decoraci\u00f3n, [&hellip;]<\/p>\n","protected":false},"author":24,"featured_media":0,"comment_status":"open","ping_status":"open","sticky":false,"template":"","format":"standard","meta":[],"categories":[2,3,4],"tags":[4699,4954,3994,4955,2359,4928],"_links":{"self":[{"href":"https:\/\/blogs.diariosur.es\/-que-le-compro-\/wp-json\/wp\/v2\/posts\/6276"}],"collection":[{"href":"https:\/\/blogs.diariosur.es\/-que-le-compro-\/wp-json\/wp\/v2\/posts"}],"about":[{"href":"https:\/\/blogs.diariosur.es\/-que-le-compro-\/wp-json\/wp\/v2\/types\/post"}],"author":[{"embeddable":true,"href":"https:\/\/blogs.diariosur.es\/-que-le-compro-\/wp-json\/wp\/v2\/users\/24"}],"replies":[{"embeddable":true,"href":"https:\/\/blogs.diariosur.es\/-que-le-compro-\/wp-json\/wp\/v2\/comments?post=6276"}],"version-history":[{"count":3,"href":"https:\/\/blogs.diariosur.es\/-que-le-compro-\/wp-json\/wp\/v2\/posts\/6276\/revisions"}],"predecessor-version":[{"id":6280,"href":"https:\/\/blogs.diariosur.es\/-que-le-compro-\/wp-json\/wp\/v2\/posts\/6276\/revisions\/6280"}],"wp:attachment":[{"href":"https:\/\/blogs.diariosur.es\/-que-le-compro-\/wp-json\/wp\/v2\/media?parent=6276"}],"wp:term":[{"taxonomy":"category","embeddable":true,"href":"https:\/\/blogs.diariosur.es\/-que-le-compro-\/wp-json\/wp\/v2\/categories?post=6276"},{"taxonomy":"post_tag","embeddable":true,"href":"https:\/\/blogs.diariosur.es\/-que-le-compro-\/wp-json\/wp\/v2\/tags?post=6276"}],"curies":[{"name":"wp","href":"https:\/\/api.w.org\/{rel}","templated":true}]}}