{"id":6282,"date":"2023-09-07T17:55:22","date_gmt":"2023-09-07T15:55:22","guid":{"rendered":"https:\/\/blogs.diariosur.es\/-que-le-compro-\/?p=6282"},"modified":"2023-09-07T17:55:22","modified_gmt":"2023-09-07T15:55:22","slug":"mercadillos-carratraca-guaro-rincon-malaga-septiembre","status":"publish","type":"post","link":"https:\/\/blogs.diariosur.es\/-que-le-compro-\/2023\/09\/07\/mercadillos-carratraca-guaro-rincon-malaga-septiembre\/","title":{"rendered":"Mercadillos en Guaro, Carratraca, Rinc\u00f3n y m\u00e1s este fin de semana en M\u00e1laga"},"content":{"rendered":"<p>El segundo fin de semana de septiembre en M\u00e1laga llega a lo grande. Porque as\u00ed son tres de las citas que coinciden este puente en la provincia. Por un lado, en <strong>Carratraca<\/strong> se celebra el Festival del Embrujo Andalus\u00ed del viernes al domingo, y durante los tres d\u00edas se podr\u00e1 disfrutar de un gran bazar. Tambi\u00e9n un zoco de importante tama\u00f1o se desarrollar\u00e1 en <strong>Guaro<\/strong> con motivo del festival de la Luna Mora, este viernes y el s\u00e1bado. Y para completar, en <strong>Rinc\u00f3n de la Victoria<\/strong>, dentro de las actividades de la fiesta del Boquer\u00f3n Victoriano se desarrollar\u00e1 un mercado de Sabor a M\u00e1laga.<\/p>\n<p>\u00a1Y m\u00e1s planes! La asociaci\u00f3n de artesanos Atenea celebrar\u00e1 sus mercadillos en septiembre los s\u00e1bados por la tarde, de 19 a 23 horas. Ser\u00e1n, como siempre, en la peatonales de la Avenida Palma de Mallorca (<strong>Torremolinos<\/strong>). Tambi\u00e9n el s\u00e1bado sigue el Street Market de Centro Plaza <strong>Marbella<\/strong>, en Nueva Andaluc\u00eda,\u00a0 de 10 a 14.30 horas y en la plaza Torrebermeja de\u00a0<strong>Puerto Marina<\/strong>, puede visitarse diariamente el Mercado de Verano de 12 a 23 horas.<\/p>\n<p>Adem\u00e1s, el Mercado de Artesan\u00eda de\u00a0Fuengirola sigue abierto hasta el 17 de septiembre en el Paseo Mar\u00edtimo de\u00a0<strong>Los Boliches<\/strong>, en el tramo comprendido entre el arroyo Real y el monumento a la Peseta.<\/p>\n<div id=\"attachment_6284\" style=\"width: 749px\" class=\"wp-caption aligncenter\"><a href=\"https:\/\/static-blogs.diariosur.es\/wp-content\/uploads\/sites\/19\/2023\/09\/guaro-1.jpg\"><img aria-describedby=\"caption-attachment-6284\" loading=\"lazy\" class=\"size-full wp-image-6284\" src=\"https:\/\/static-blogs.diariosur.es\/wp-content\/uploads\/sites\/19\/2023\/09\/guaro-1.jpg\" alt=\"\" width=\"739\" height=\"455\" srcset=\"https:\/\/static-blogs.diariosur.es\/wp-content\/uploads\/sites\/19\/2023\/09\/guaro-1.jpg 739w, https:\/\/static-blogs.diariosur.es\/wp-content\/uploads\/sites\/19\/2023\/09\/guaro-1-300x185.jpg 300w\" sizes=\"(max-width: 739px) 100vw, 739px\" \/><\/a><p id=\"caption-attachment-6284\" class=\"wp-caption-text\">Artesan\u00eda a la luz de las velas en Guaro este fin de semana<\/p><\/div>\n<p>\u00a1Buen fin de semana!<\/p>\n","protected":false},"excerpt":{"rendered":"<p>El segundo fin de semana de septiembre en M\u00e1laga llega a lo grande. Porque as\u00ed son tres de las citas que coinciden este puente en la provincia. Por un lado, en Carratraca se celebra el Festival del Embrujo Andalus\u00ed del viernes al domingo, y durante los tres d\u00edas se podr\u00e1 disfrutar de un gran bazar. [&hellip;]<\/p>\n","protected":false},"author":24,"featured_media":0,"comment_status":"open","ping_status":"open","sticky":false,"template":"","format":"standard","meta":[],"categories":[2,3,4],"tags":[4448,4856,4956,4928,4858,4957],"_links":{"self":[{"href":"https:\/\/blogs.diariosur.es\/-que-le-compro-\/wp-json\/wp\/v2\/posts\/6282"}],"collection":[{"href":"https:\/\/blogs.diariosur.es\/-que-le-compro-\/wp-json\/wp\/v2\/posts"}],"about":[{"href":"https:\/\/blogs.diariosur.es\/-que-le-compro-\/wp-json\/wp\/v2\/types\/post"}],"author":[{"embeddable":true,"href":"https:\/\/blogs.diariosur.es\/-que-le-compro-\/wp-json\/wp\/v2\/users\/24"}],"replies":[{"embeddable":true,"href":"https:\/\/blogs.diariosur.es\/-que-le-compro-\/wp-json\/wp\/v2\/comments?post=6282"}],"version-history":[{"count":1,"href":"https:\/\/blogs.diariosur.es\/-que-le-compro-\/wp-json\/wp\/v2\/posts\/6282\/revisions"}],"predecessor-version":[{"id":6285,"href":"https:\/\/blogs.diariosur.es\/-que-le-compro-\/wp-json\/wp\/v2\/posts\/6282\/revisions\/6285"}],"wp:attachment":[{"href":"https:\/\/blogs.diariosur.es\/-que-le-compro-\/wp-json\/wp\/v2\/media?parent=6282"}],"wp:term":[{"taxonomy":"category","embeddable":true,"href":"https:\/\/blogs.diariosur.es\/-que-le-compro-\/wp-json\/wp\/v2\/categories?post=6282"},{"taxonomy":"post_tag","embeddable":true,"href":"https:\/\/blogs.diariosur.es\/-que-le-compro-\/wp-json\/wp\/v2\/tags?post=6282"}],"curies":[{"name":"wp","href":"https:\/\/api.w.org\/{rel}","templated":true}]}}