{"id":6293,"date":"2023-09-22T23:31:47","date_gmt":"2023-09-22T21:31:47","guid":{"rendered":"https:\/\/blogs.diariosur.es\/-que-le-compro-\/?p=6293"},"modified":"2023-09-22T23:31:47","modified_gmt":"2023-09-22T21:31:47","slug":"mercadillos-artesania-malaga-septiembre","status":"publish","type":"post","link":"https:\/\/blogs.diariosur.es\/-que-le-compro-\/2023\/09\/22\/mercadillos-artesania-malaga-septiembre\/","title":{"rendered":"Mercadillos artesanales en M\u00e1laga este fin de semana"},"content":{"rendered":"<p>El \u00faltimo fin de semana (completo) de septiembre ofrece una variada lista de mercadillos en M\u00e1laga. Por un lado, en el Palmeral de las Sorpresas se podr\u00e1 disfrutar de los <strong>M\u00e1laga Cruise Days<\/strong>, que entre sus actividades paralelas ofrecer\u00e1 un gran bazar de Sabor a M\u00e1laga as\u00ed como desfiles de marcas locales hasta el domingo.<\/p>\n<p>Ese d\u00eda ser\u00e1 el \u00faltimo Zoco en Muelle Uno de este verano, de 12 a 19 horas, y siguiendo en la capital, en la c\u00e9ntrica calle Tom\u00e1s Heredia se podr\u00e1 disfrutar de una nueva edici\u00f3n del\u00a0<b>Mercado Urbano del Soho\u00a0<\/b>de 11 a 19 horas.<\/p>\n<div id=\"attachment_6294\" style=\"width: 663px\" class=\"wp-caption aligncenter\"><a href=\"https:\/\/static-blogs.diariosur.es\/wp-content\/uploads\/sites\/19\/2023\/09\/tazas.jpg\"><img aria-describedby=\"caption-attachment-6294\" loading=\"lazy\" class=\"size-full wp-image-6294\" src=\"https:\/\/static-blogs.diariosur.es\/wp-content\/uploads\/sites\/19\/2023\/09\/tazas.jpg\" alt=\"\" width=\"653\" height=\"633\" srcset=\"https:\/\/static-blogs.diariosur.es\/wp-content\/uploads\/sites\/19\/2023\/09\/tazas.jpg 653w, https:\/\/static-blogs.diariosur.es\/wp-content\/uploads\/sites\/19\/2023\/09\/tazas-300x291.jpg 300w\" sizes=\"(max-width: 653px) 100vw, 653px\" \/><\/a><p id=\"caption-attachment-6294\" class=\"wp-caption-text\">Artesan\u00eda en el Mercado Urbano del Soho este domingo. :: Ch. M.<\/p><\/div>\n<p>Los que busqu\u00e9is los\u00a0<strong>ecomercados<\/strong>\u00a0de la asociaci\u00f3n Guadalhorce Ecol\u00f3gico, que sep\u00e1is que esta semana se les podr\u00e1 encontrar el s\u00e1bado en el Parque Huelin, en la capital, mientras que el domingo estar\u00e1 en el bulevar de La Cala de Mijas. En ambos casos, de 9 a 13.30 horas.<\/p>\n<p>Y en la provincia, destacan dentro de las actividades del\u00a0<strong>Festival \u00c1rabe Andalus\u00ed\u00a0 de Salares <\/strong>tambi\u00e9n se podr\u00e1 visitar un gran bazar as\u00ed como en el <strong>Festival Retro Anime<\/strong> de V\u00e9lez-M\u00e1laga.<\/p>\n<p>\u00a1Buen fin de semana!<\/p>\n","protected":false},"excerpt":{"rendered":"<p>El \u00faltimo fin de semana (completo) de septiembre ofrece una variada lista de mercadillos en M\u00e1laga. Por un lado, en el Palmeral de las Sorpresas se podr\u00e1 disfrutar de los M\u00e1laga Cruise Days, que entre sus actividades paralelas ofrecer\u00e1 un gran bazar de Sabor a M\u00e1laga as\u00ed como desfiles de marcas locales hasta el domingo. [&hellip;]<\/p>\n","protected":false},"author":24,"featured_media":0,"comment_status":"open","ping_status":"open","sticky":false,"template":"","format":"standard","meta":[],"categories":[3,4],"tags":[311,4457,4959,4859,2352,4858,4634],"_links":{"self":[{"href":"https:\/\/blogs.diariosur.es\/-que-le-compro-\/wp-json\/wp\/v2\/posts\/6293"}],"collection":[{"href":"https:\/\/blogs.diariosur.es\/-que-le-compro-\/wp-json\/wp\/v2\/posts"}],"about":[{"href":"https:\/\/blogs.diariosur.es\/-que-le-compro-\/wp-json\/wp\/v2\/types\/post"}],"author":[{"embeddable":true,"href":"https:\/\/blogs.diariosur.es\/-que-le-compro-\/wp-json\/wp\/v2\/users\/24"}],"replies":[{"embeddable":true,"href":"https:\/\/blogs.diariosur.es\/-que-le-compro-\/wp-json\/wp\/v2\/comments?post=6293"}],"version-history":[{"count":1,"href":"https:\/\/blogs.diariosur.es\/-que-le-compro-\/wp-json\/wp\/v2\/posts\/6293\/revisions"}],"predecessor-version":[{"id":6295,"href":"https:\/\/blogs.diariosur.es\/-que-le-compro-\/wp-json\/wp\/v2\/posts\/6293\/revisions\/6295"}],"wp:attachment":[{"href":"https:\/\/blogs.diariosur.es\/-que-le-compro-\/wp-json\/wp\/v2\/media?parent=6293"}],"wp:term":[{"taxonomy":"category","embeddable":true,"href":"https:\/\/blogs.diariosur.es\/-que-le-compro-\/wp-json\/wp\/v2\/categories?post=6293"},{"taxonomy":"post_tag","embeddable":true,"href":"https:\/\/blogs.diariosur.es\/-que-le-compro-\/wp-json\/wp\/v2\/tags?post=6293"}],"curies":[{"name":"wp","href":"https:\/\/api.w.org\/{rel}","templated":true}]}}