{"id":6296,"date":"2023-09-29T19:01:42","date_gmt":"2023-09-29T17:01:42","guid":{"rendered":"https:\/\/blogs.diariosur.es\/-que-le-compro-\/?p=6296"},"modified":"2023-09-29T19:01:42","modified_gmt":"2023-09-29T17:01:42","slug":"mercado-otono-muelle-uno-malaga-fin-semana","status":"publish","type":"post","link":"https:\/\/blogs.diariosur.es\/-que-le-compro-\/2023\/09\/29\/mercado-otono-muelle-uno-malaga-fin-semana\/","title":{"rendered":"Nuevo mercado en Muelle Uno y m\u00e1s este fin de semana"},"content":{"rendered":"<p>El primer fin de semana de la nueva estaci\u00f3n llega con un estreno: el del <strong>Mercado de Oto\u00f1o<\/strong>, que se inaugura este viernes y se prolongar\u00e1 hasta el pr\u00f3ximo 12 de noviembre. Podr\u00e1 visitarse cada d\u00eda hasta entonces desde las diez de la ma\u00f1ana a las diez de la noche, y ofrecer\u00e1 numerosos stands con moda, artesan\u00eda y mucho m\u00e1s.<\/p>\n<p>Adem\u00e1s, dentro de la programaci\u00f3n de actividades de las <strong>Noches de la Bella Jarifa<\/strong> se podr\u00e1 disfrutar, c\u00f3mo no, de un gran zoco \u00e1rabe hasta el domingo en C\u00e1rtama, y ya que estamos con la provincia, aunque no sea artesanal pero tambi\u00e9n hay que hablar del gran mercado de quesos de Teba con motivo de su Feria del Queso Artesano, que es una cita ineludible para los amantes de este art\u00edculo.<\/p>\n<p>Para completar entre lo m\u00e1s destacado de la agenda, el domingo llegar\u00e1 a la plaza de la Merced el <strong>Merced &amp; Co<\/strong> organizado por Cats Market de once de la ma\u00f1ana a siete de la tarde.<\/p>\n<p>\u00a1Buen fin de semana!<\/p>\n<div id=\"attachment_6297\" style=\"width: 1034px\" class=\"wp-caption aligncenter\"><a href=\"https:\/\/static-blogs.diariosur.es\/wp-content\/uploads\/sites\/19\/2023\/09\/artesania.jpg\"><img aria-describedby=\"caption-attachment-6297\" loading=\"lazy\" class=\"size-large wp-image-6297\" src=\"https:\/\/static-blogs.diariosur.es\/wp-content\/uploads\/sites\/19\/2023\/09\/artesania-1024x1024.jpg\" alt=\"\" width=\"1024\" height=\"1024\" srcset=\"https:\/\/static-blogs.diariosur.es\/wp-content\/uploads\/sites\/19\/2023\/09\/artesania-1024x1024.jpg 1024w, https:\/\/static-blogs.diariosur.es\/wp-content\/uploads\/sites\/19\/2023\/09\/artesania-150x150.jpg 150w, https:\/\/static-blogs.diariosur.es\/wp-content\/uploads\/sites\/19\/2023\/09\/artesania-300x300.jpg 300w, https:\/\/static-blogs.diariosur.es\/wp-content\/uploads\/sites\/19\/2023\/09\/artesania-768x768.jpg 768w, https:\/\/static-blogs.diariosur.es\/wp-content\/uploads\/sites\/19\/2023\/09\/artesania.jpg 1080w\" sizes=\"(max-width: 1024px) 100vw, 1024px\" \/><\/a><p id=\"caption-attachment-6297\" class=\"wp-caption-text\">Artesan\u00eda en La Merced &amp;co este domingo. :: C. M.<\/p><\/div>\n","protected":false},"excerpt":{"rendered":"<p>El primer fin de semana de la nueva estaci\u00f3n llega con un estreno: el del Mercado de Oto\u00f1o, que se inaugura este viernes y se prolongar\u00e1 hasta el pr\u00f3ximo 12 de noviembre. Podr\u00e1 visitarse cada d\u00eda hasta entonces desde las diez de la ma\u00f1ana a las diez de la noche, y ofrecer\u00e1 numerosos stands con [&hellip;]<\/p>\n","protected":false},"author":24,"featured_media":0,"comment_status":"open","ping_status":"open","sticky":false,"template":"","format":"standard","meta":[],"categories":[3,4],"tags":[4717,4619,2259,4696,4303],"_links":{"self":[{"href":"https:\/\/blogs.diariosur.es\/-que-le-compro-\/wp-json\/wp\/v2\/posts\/6296"}],"collection":[{"href":"https:\/\/blogs.diariosur.es\/-que-le-compro-\/wp-json\/wp\/v2\/posts"}],"about":[{"href":"https:\/\/blogs.diariosur.es\/-que-le-compro-\/wp-json\/wp\/v2\/types\/post"}],"author":[{"embeddable":true,"href":"https:\/\/blogs.diariosur.es\/-que-le-compro-\/wp-json\/wp\/v2\/users\/24"}],"replies":[{"embeddable":true,"href":"https:\/\/blogs.diariosur.es\/-que-le-compro-\/wp-json\/wp\/v2\/comments?post=6296"}],"version-history":[{"count":1,"href":"https:\/\/blogs.diariosur.es\/-que-le-compro-\/wp-json\/wp\/v2\/posts\/6296\/revisions"}],"predecessor-version":[{"id":6298,"href":"https:\/\/blogs.diariosur.es\/-que-le-compro-\/wp-json\/wp\/v2\/posts\/6296\/revisions\/6298"}],"wp:attachment":[{"href":"https:\/\/blogs.diariosur.es\/-que-le-compro-\/wp-json\/wp\/v2\/media?parent=6296"}],"wp:term":[{"taxonomy":"category","embeddable":true,"href":"https:\/\/blogs.diariosur.es\/-que-le-compro-\/wp-json\/wp\/v2\/categories?post=6296"},{"taxonomy":"post_tag","embeddable":true,"href":"https:\/\/blogs.diariosur.es\/-que-le-compro-\/wp-json\/wp\/v2\/tags?post=6296"}],"curies":[{"name":"wp","href":"https:\/\/api.w.org\/{rel}","templated":true}]}}