{"id":6305,"date":"2023-10-11T23:34:18","date_gmt":"2023-10-11T21:34:18","guid":{"rendered":"https:\/\/blogs.diariosur.es\/-que-le-compro-\/?p=6305"},"modified":"2023-10-11T23:34:18","modified_gmt":"2023-10-11T21:34:18","slug":"mercadillos-puente-octubre-malaga-2","status":"publish","type":"post","link":"https:\/\/blogs.diariosur.es\/-que-le-compro-\/2023\/10\/11\/mercadillos-puente-octubre-malaga-2\/","title":{"rendered":"Mercadillos en el puente de octubre en M\u00e1laga"},"content":{"rendered":"<p>Ya que este fin de semana es m\u00e1s largo&#8230; \u00a1bingo! Tambi\u00e9n habr\u00e1 m\u00e1s mercadillos en M\u00e1laga. Porque ya que este jueves es fiesta (D\u00eda de la Hispanidad y de la Virgen del Pilar) en <strong>Muelle Uno<\/strong> celebrar\u00e1n un zoco extraordinario, que ser\u00e1 desde las once de la ma\u00f1ana hasta las siete de la tarde. Y tambi\u00e9n habr\u00e1 otra cita en <strong>Antequera<\/strong>, que celebra hasta el domingo en el Paseo Real un\u00a0mercado de artesan\u00eda\u00a0\u00a0inspirado en el Modernismo, donde productores de cine y del mundo del espect\u00e1culo, dar\u00e1n la bienvenida a los asistentes. Habr\u00e1 de todo: cuadros, miel, pinturas, dulces t\u00edpicos, playmobil&#8230;<\/p>\n<p>El s\u00e1bado, vuelve el <strong>Friki Market<\/strong> al parque comercial M\u00e1laga Nostrum, que tomar\u00e1 la primera planta del M\u00e1laga Ocio de 12 a 22 horas.\u00a0El domingo habr\u00e1 zoco en Muelle Uno, en esta ocasi\u00f3n de las 11 a las 18 horas, y tambi\u00e9n vuelvo el mercado artesanal al paseo mar\u00edtimo Antonio Banderas, en <strong>Huelin<\/strong>, que se celebrar\u00e1 de las 11 a las 19 horas. Adem\u00e1s, os recuerdo que hasta el 12 de noviembre puede visitarse diariamente el Mercado de Oto\u00f1o cada d\u00eda de diez de la ma\u00f1ana a diez de la noche.<\/p>\n<div id=\"attachment_6306\" style=\"width: 810px\" class=\"wp-caption aligncenter\"><a href=\"https:\/\/static-blogs.diariosur.es\/wp-content\/uploads\/sites\/19\/2023\/10\/frikimarket.jpg\"><img aria-describedby=\"caption-attachment-6306\" loading=\"lazy\" class=\"size-full wp-image-6306\" src=\"https:\/\/static-blogs.diariosur.es\/wp-content\/uploads\/sites\/19\/2023\/10\/frikimarket.jpg\" alt=\"\" width=\"800\" height=\"575\" srcset=\"https:\/\/static-blogs.diariosur.es\/wp-content\/uploads\/sites\/19\/2023\/10\/frikimarket.jpg 800w, https:\/\/static-blogs.diariosur.es\/wp-content\/uploads\/sites\/19\/2023\/10\/frikimarket-300x216.jpg 300w, https:\/\/static-blogs.diariosur.es\/wp-content\/uploads\/sites\/19\/2023\/10\/frikimarket-768x552.jpg 768w\" sizes=\"(max-width: 800px) 100vw, 800px\" \/><\/a><p id=\"caption-attachment-6306\" class=\"wp-caption-text\">Artesan\u00eda en el Friki Maket este s\u00e1bado. :: M. Nostrum<\/p><\/div>\n<p>\u00a1Buen fin de semana!<\/p>\n","protected":false},"excerpt":{"rendered":"<p>Ya que este fin de semana es m\u00e1s largo&#8230; \u00a1bingo! Tambi\u00e9n habr\u00e1 m\u00e1s mercadillos en M\u00e1laga. Porque ya que este jueves es fiesta (D\u00eda de la Hispanidad y de la Virgen del Pilar) en Muelle Uno celebrar\u00e1n un zoco extraordinario, que ser\u00e1 desde las once de la ma\u00f1ana hasta las siete de la tarde. Y [&hellip;]<\/p>\n","protected":false},"author":24,"featured_media":0,"comment_status":"open","ping_status":"open","sticky":false,"template":"","format":"standard","meta":[],"categories":[2,3,4],"tags":[4709,4962,4961,3974],"_links":{"self":[{"href":"https:\/\/blogs.diariosur.es\/-que-le-compro-\/wp-json\/wp\/v2\/posts\/6305"}],"collection":[{"href":"https:\/\/blogs.diariosur.es\/-que-le-compro-\/wp-json\/wp\/v2\/posts"}],"about":[{"href":"https:\/\/blogs.diariosur.es\/-que-le-compro-\/wp-json\/wp\/v2\/types\/post"}],"author":[{"embeddable":true,"href":"https:\/\/blogs.diariosur.es\/-que-le-compro-\/wp-json\/wp\/v2\/users\/24"}],"replies":[{"embeddable":true,"href":"https:\/\/blogs.diariosur.es\/-que-le-compro-\/wp-json\/wp\/v2\/comments?post=6305"}],"version-history":[{"count":1,"href":"https:\/\/blogs.diariosur.es\/-que-le-compro-\/wp-json\/wp\/v2\/posts\/6305\/revisions"}],"predecessor-version":[{"id":6307,"href":"https:\/\/blogs.diariosur.es\/-que-le-compro-\/wp-json\/wp\/v2\/posts\/6305\/revisions\/6307"}],"wp:attachment":[{"href":"https:\/\/blogs.diariosur.es\/-que-le-compro-\/wp-json\/wp\/v2\/media?parent=6305"}],"wp:term":[{"taxonomy":"category","embeddable":true,"href":"https:\/\/blogs.diariosur.es\/-que-le-compro-\/wp-json\/wp\/v2\/categories?post=6305"},{"taxonomy":"post_tag","embeddable":true,"href":"https:\/\/blogs.diariosur.es\/-que-le-compro-\/wp-json\/wp\/v2\/tags?post=6305"}],"curies":[{"name":"wp","href":"https:\/\/api.w.org\/{rel}","templated":true}]}}