{"id":6319,"date":"2023-11-09T13:33:13","date_gmt":"2023-11-09T12:33:13","guid":{"rendered":"https:\/\/blogs.diariosur.es\/-que-le-compro-\/?p=6319"},"modified":"2023-11-17T18:42:01","modified_gmt":"2023-11-17T17:42:01","slug":"mercadillo-cementerio-ingles-final-muelle-uno","status":"publish","type":"post","link":"https:\/\/blogs.diariosur.es\/-que-le-compro-\/2023\/11\/09\/mercadillo-cementerio-ingles-final-muelle-uno\/","title":{"rendered":"Hola y adi\u00f3s en los mercadillos de M\u00e1laga de este fin de semana"},"content":{"rendered":"<p>Un fin de semana de mercadillos que vuelven y otros que se despiden en M\u00e1laga. El s\u00e1bado estar\u00e1 protagonizado por un regreso: el del <a href=\"https:\/\/www.diariosur.es\/planes\/mercadillo-cementerio-ingles-malaga-20231108110158-nt.html\" rel=\"external nofollow\">mercadillo del Cementerio Ingl\u00e9s<\/a>, que podr\u00e1 visitarse (donativo de un euro, da derecho a un sorteo) de 11.30 a 19 horas en esta original necr\u00f3polis de la capital. No muy lejos de all\u00ed, en el Paseo de Reding se instalar\u00e1 el ecomercado de la asociaci\u00f3n <strong>Guadalhorce Ecol\u00f3gico<\/strong> de 9 a 14 horas.<\/p>\n<div id=\"attachment_6320\" style=\"width: 1034px\" class=\"wp-caption aligncenter\"><a href=\"https:\/\/static-blogs.diariosur.es\/wp-content\/uploads\/sites\/19\/2023\/11\/cementerio.jpg\"><img aria-describedby=\"caption-attachment-6320\" loading=\"lazy\" class=\"size-large wp-image-6320\" src=\"https:\/\/static-blogs.diariosur.es\/wp-content\/uploads\/sites\/19\/2023\/11\/cementerio-1024x577.jpg\" alt=\"\" width=\"1024\" height=\"577\" srcset=\"https:\/\/static-blogs.diariosur.es\/wp-content\/uploads\/sites\/19\/2023\/11\/cementerio-1024x577.jpg 1024w, https:\/\/static-blogs.diariosur.es\/wp-content\/uploads\/sites\/19\/2023\/11\/cementerio-300x169.jpg 300w, https:\/\/static-blogs.diariosur.es\/wp-content\/uploads\/sites\/19\/2023\/11\/cementerio-768x433.jpg 768w, https:\/\/static-blogs.diariosur.es\/wp-content\/uploads\/sites\/19\/2023\/11\/cementerio.jpg 1374w\" sizes=\"(max-width: 1024px) 100vw, 1024px\" \/><\/a><p id=\"caption-attachment-6320\" class=\"wp-caption-text\">El mercadillo del Cementerio Ingl\u00e9s vuelve tras un par\u00e9ntesis<\/p><\/div>\n<p>Adem\u00e1s, del viernes al domingo Fuengirola celebra su <strong>XVII Mercadillo Solidario,<\/strong> que reunir\u00e1 a distintas asociaciones y ONG malague\u00f1as. El horario es de\u00a011 a 15 horas y de 17 a 21 en la plaza de la Constituci\u00f3n.\u00a0El domingo habr\u00e1 Zoco en <strong>Muelle Uno<\/strong>, de 11 a 18 horas, y se despide el Mercado de Oto\u00f1o, que abre de diez de la ma\u00f1ana a diez de la noche. Adem\u00e1s, en el paseo mar\u00edtimo Antonio Banderas se celebrar\u00e1 de 11 a 19 horas el<strong>\u00a0Mercado artesanal del Mar.\u00a0<\/strong>Y en la plaza de la Merced habr\u00e1 una edici\u00f3n especial de <strong>La Plaza Market<\/strong> de 11 a 19 horas.<\/p>\n<p>\u00a1Buen fin de semana!<\/p>\n","protected":false},"excerpt":{"rendered":"<p>Un fin de semana de mercadillos que vuelven y otros que se despiden en M\u00e1laga. El s\u00e1bado estar\u00e1 protagonizado por un regreso: el del mercadillo del Cementerio Ingl\u00e9s, que podr\u00e1 visitarse (donativo de un euro, da derecho a un sorteo) de 11.30 a 19 horas en esta original necr\u00f3polis de la capital. No muy lejos [&hellip;]<\/p>\n","protected":false},"author":24,"featured_media":0,"comment_status":"open","ping_status":"open","sticky":false,"template":"","format":"standard","meta":[],"categories":[3,4],"tags":[311,2259,4962,4966,2351,4915,4696,4705,4598],"_links":{"self":[{"href":"https:\/\/blogs.diariosur.es\/-que-le-compro-\/wp-json\/wp\/v2\/posts\/6319"}],"collection":[{"href":"https:\/\/blogs.diariosur.es\/-que-le-compro-\/wp-json\/wp\/v2\/posts"}],"about":[{"href":"https:\/\/blogs.diariosur.es\/-que-le-compro-\/wp-json\/wp\/v2\/types\/post"}],"author":[{"embeddable":true,"href":"https:\/\/blogs.diariosur.es\/-que-le-compro-\/wp-json\/wp\/v2\/users\/24"}],"replies":[{"embeddable":true,"href":"https:\/\/blogs.diariosur.es\/-que-le-compro-\/wp-json\/wp\/v2\/comments?post=6319"}],"version-history":[{"count":4,"href":"https:\/\/blogs.diariosur.es\/-que-le-compro-\/wp-json\/wp\/v2\/posts\/6319\/revisions"}],"predecessor-version":[{"id":6326,"href":"https:\/\/blogs.diariosur.es\/-que-le-compro-\/wp-json\/wp\/v2\/posts\/6319\/revisions\/6326"}],"wp:attachment":[{"href":"https:\/\/blogs.diariosur.es\/-que-le-compro-\/wp-json\/wp\/v2\/media?parent=6319"}],"wp:term":[{"taxonomy":"category","embeddable":true,"href":"https:\/\/blogs.diariosur.es\/-que-le-compro-\/wp-json\/wp\/v2\/categories?post=6319"},{"taxonomy":"post_tag","embeddable":true,"href":"https:\/\/blogs.diariosur.es\/-que-le-compro-\/wp-json\/wp\/v2\/tags?post=6319"}],"curies":[{"name":"wp","href":"https:\/\/api.w.org\/{rel}","templated":true}]}}