{"id":6343,"date":"2023-12-05T23:03:30","date_gmt":"2023-12-05T22:03:30","guid":{"rendered":"https:\/\/blogs.diariosur.es\/-que-le-compro-\/?p=6343"},"modified":"2023-12-11T20:57:02","modified_gmt":"2023-12-11T19:57:02","slug":"mercadillos-puente-diciembre-malaga-navidad","status":"publish","type":"post","link":"https:\/\/blogs.diariosur.es\/-que-le-compro-\/2023\/12\/05\/mercadillos-puente-diciembre-malaga-navidad\/","title":{"rendered":"Mercadillos en el puente de diciembre en M\u00e1laga"},"content":{"rendered":"<p>\u00a1Ya est\u00e1 aqu\u00ed el puente de diciembre! Y s\u00ed, como es tan largo cuenta con muchos mercadillos para elegir. Para empezar, algunos hacen doblete: como el <strong>Soho Mercado Urbano<\/strong>, que se celebrar\u00e1 el mi\u00e9rcoles y el viernes festivos. Ser\u00e1, como es habitual, en la calle Tom\u00e1s Heredia, en el Centro de M\u00e1laga, y desde las once de la ma\u00f1ana hasta las siete de la tarde los dos d\u00edas.<\/p>\n<p>Por su parte, el <strong>Mercado de Navidad de Muelle Uno y el del Palmeral de las Sorpresas<\/strong> se pueden visitar diariamente, como los tradicionales <strong>puestos del Parque<\/strong>, que ya est\u00e1n abiertos al p\u00fablico un a\u00f1o m\u00e1s hasta despu\u00e9s de Reyes. Y en la acera de enfrente, entre las actividades de la gran feria Sabor a M\u00e1laga destaca las compras, de todo tipo de manjares locales pensando ya en Navidades o simplemente para estos d\u00edas.<\/p>\n<p>Otro cl\u00e1sico que llega en estas fechas a M\u00e1laga es el <strong>Rastrillo de Nuevo Futuro<\/strong>, pero ofrece una versi\u00f3n reducida y es que vuelve a Muelle Uno pero s\u00f3lo con su t\u00f3mbola solidaria, que se desarrollar\u00e1 durante todo el puente: del mi\u00e9rcoles 6 al domingo 10. El s\u00e1bado habr\u00e1 mercadillo navide\u00f1o en <strong>Casabermeja<\/strong>, el domingo otro en <strong>Periana<\/strong>, y ese d\u00eda habr\u00e1<strong> Zoco en Muelle Uno<\/strong>, con horario especial: de las dos de la tarde a las nueve de la noche. Adem\u00e1s,\u00a0<strong>Benalaur\u00eda<\/strong> se celebra un a\u00f1o m\u00e1s su Feria de Artesan\u00eda y Gastronom\u00eda durante todo el puente y el <a href=\"https:\/\/www.diariosur.es\/planes\/actividades-navidad-cementerio-ingles-malaga-20231201182247-nt.html\" rel=\"external nofollow\">Cementerio Ingl\u00e9s de M\u00e1laga<\/a> celebra su Christmas Market los d\u00edas 6, 7, 8 y 9 de cinco de la tarde a diez de la noche.<\/p>\n<p>\u00a1A disfrutar del largo fin de semana!<\/p>\n<div id=\"attachment_6344\" style=\"width: 1014px\" class=\"wp-caption aligncenter\"><a href=\"https:\/\/static-blogs.diariosur.es\/wp-content\/uploads\/sites\/19\/2023\/12\/navidad2.jpg\"><img aria-describedby=\"caption-attachment-6344\" loading=\"lazy\" class=\"size-full wp-image-6344\" src=\"https:\/\/static-blogs.diariosur.es\/wp-content\/uploads\/sites\/19\/2023\/12\/navidad2.jpg\" alt=\"\" width=\"1004\" height=\"943\" srcset=\"https:\/\/static-blogs.diariosur.es\/wp-content\/uploads\/sites\/19\/2023\/12\/navidad2.jpg 1004w, https:\/\/static-blogs.diariosur.es\/wp-content\/uploads\/sites\/19\/2023\/12\/navidad2-300x282.jpg 300w, https:\/\/static-blogs.diariosur.es\/wp-content\/uploads\/sites\/19\/2023\/12\/navidad2-768x721.jpg 768w\" sizes=\"(max-width: 1004px) 100vw, 1004px\" \/><\/a><p id=\"caption-attachment-6344\" class=\"wp-caption-text\">Artesan\u00eda en el Soho Mercado Urbano. :: Ch. M.<\/p><\/div>\n<p>&nbsp;<\/p>\n<p>&nbsp;<\/p>\n","protected":false},"excerpt":{"rendered":"<p>\u00a1Ya est\u00e1 aqu\u00ed el puente de diciembre! Y s\u00ed, como es tan largo cuenta con muchos mercadillos para elegir. Para empezar, algunos hacen doblete: como el Soho Mercado Urbano, que se celebrar\u00e1 el mi\u00e9rcoles y el viernes festivos. Ser\u00e1, como es habitual, en la calle Tom\u00e1s Heredia, en el Centro de M\u00e1laga, y desde las [&hellip;]<\/p>\n","protected":false},"author":24,"featured_media":0,"comment_status":"open","ping_status":"open","sticky":false,"template":"","format":"standard","meta":[],"categories":[2,4],"tags":[4898,4873,4970,4978,4981,4979,2559,3070,4525,4980,3974],"_links":{"self":[{"href":"https:\/\/blogs.diariosur.es\/-que-le-compro-\/wp-json\/wp\/v2\/posts\/6343"}],"collection":[{"href":"https:\/\/blogs.diariosur.es\/-que-le-compro-\/wp-json\/wp\/v2\/posts"}],"about":[{"href":"https:\/\/blogs.diariosur.es\/-que-le-compro-\/wp-json\/wp\/v2\/types\/post"}],"author":[{"embeddable":true,"href":"https:\/\/blogs.diariosur.es\/-que-le-compro-\/wp-json\/wp\/v2\/users\/24"}],"replies":[{"embeddable":true,"href":"https:\/\/blogs.diariosur.es\/-que-le-compro-\/wp-json\/wp\/v2\/comments?post=6343"}],"version-history":[{"count":5,"href":"https:\/\/blogs.diariosur.es\/-que-le-compro-\/wp-json\/wp\/v2\/posts\/6343\/revisions"}],"predecessor-version":[{"id":6349,"href":"https:\/\/blogs.diariosur.es\/-que-le-compro-\/wp-json\/wp\/v2\/posts\/6343\/revisions\/6349"}],"wp:attachment":[{"href":"https:\/\/blogs.diariosur.es\/-que-le-compro-\/wp-json\/wp\/v2\/media?parent=6343"}],"wp:term":[{"taxonomy":"category","embeddable":true,"href":"https:\/\/blogs.diariosur.es\/-que-le-compro-\/wp-json\/wp\/v2\/categories?post=6343"},{"taxonomy":"post_tag","embeddable":true,"href":"https:\/\/blogs.diariosur.es\/-que-le-compro-\/wp-json\/wp\/v2\/tags?post=6343"}],"curies":[{"name":"wp","href":"https:\/\/api.w.org\/{rel}","templated":true}]}}