{"id":6369,"date":"2023-12-27T17:03:39","date_gmt":"2023-12-27T16:03:39","guid":{"rendered":"https:\/\/blogs.diariosur.es\/-que-le-compro-\/?p=6369"},"modified":"2023-12-27T17:15:08","modified_gmt":"2023-12-27T16:15:08","slug":"ultimos-mercadillos-malaga-navidad","status":"publish","type":"post","link":"https:\/\/blogs.diariosur.es\/-que-le-compro-\/2023\/12\/27\/ultimos-mercadillos-malaga-navidad\/","title":{"rendered":"\u00daltimos mercadillos artesanales del a\u00f1o en M\u00e1laga"},"content":{"rendered":"<p>Se nos acaba el a\u00f1o, pero los mercadillos siguen. Este fin de semana habr\u00e1, por ejemplo, uno con productos locales el s\u00e1bado en <strong>Jubrique<\/strong>, que celebra su popular concurso de aguardiente. Y al puerto deportivo de <strong>Estepona<\/strong> vuelve el Mercadillo Navide\u00f1o, de 10 a 15 horas\u00a0 en la explanada de Levante del recinto portuario, frente al edificio de la Torre de Control. Y tambi\u00e9n el d\u00eda 30, en la capital, se podr\u00e1 volver a disfrutar del <strong>Soho Mercado Urbano<\/strong>, en la c\u00e9ntrica calle Tom\u00e1s Heredia, de once de la ma\u00f1ana a siete de la tarde.<\/p>\n<div id=\"attachment_6370\" style=\"width: 607px\" class=\"wp-caption aligncenter\"><a href=\"https:\/\/static-blogs.diariosur.es\/wp-content\/uploads\/sites\/19\/2023\/12\/compras2.jpg\"><img aria-describedby=\"caption-attachment-6370\" loading=\"lazy\" class=\"size-full wp-image-6370\" src=\"https:\/\/static-blogs.diariosur.es\/wp-content\/uploads\/sites\/19\/2023\/12\/compras2.jpg\" alt=\"\" width=\"597\" height=\"333\" srcset=\"https:\/\/static-blogs.diariosur.es\/wp-content\/uploads\/sites\/19\/2023\/12\/compras2.jpg 597w, https:\/\/static-blogs.diariosur.es\/wp-content\/uploads\/sites\/19\/2023\/12\/compras2-300x167.jpg 300w\" sizes=\"(max-width: 597px) 100vw, 597px\" \/><\/a><p id=\"caption-attachment-6370\" class=\"wp-caption-text\">Artesan\u00eda en el Soho Mercado Urbano este s\u00e1bado. :: Ch. M.<\/p><\/div>\n<p>Adem\u00e1s, el viernes y el s\u00e1bado habr\u00e1 tambi\u00e9n mercadillo en el <strong>Cementerio Ingl\u00e9s<\/strong> de 17 a 22 horas, dentro de sus <a href=\"https:\/\/www.diariosur.es\/planes\/actividades-navidad-cementerio-ingles-malaga-20231201182247-nt.html\" rel=\"external nofollow\">actividades de Navidad<\/a>. A todos estos dos se suman a los que se pueden visitar diariamente, que no son pocos. Por ejemplo, el mercado navide\u00f1o de\u00a0<strong>El Corte Ingl\u00e9s<\/strong>\u00a0de la Avenida de Andaluc\u00eda, as\u00ed como los instalados en\u00a0<strong>Muelle Uno,\u00a0<\/strong>el Palmeral de las Sorpresas y los tradicionales puestos en el Paseo del Parque.<\/p>\n<p>Y la lista sigue:\u00a0 Mercadillo Navide\u00f1o de\u00a0<strong>Torremolinos<\/strong>, en la plaza de la Nogalera de 11 a 22 horas hasta el 5 de enero y en Muelle Uno tambi\u00e9n\u00a0<strong>Winter Wonderland,<\/strong>\u00a0que cuenta con ocho marcas relacionadas con productos navide\u00f1os disponibles hasta el 7 de enero, de 10 a 22 horas.<\/p>\n<p>\u00a1Feliz a\u00f1o nuevo!<\/p>\n","protected":false},"excerpt":{"rendered":"<p>Se nos acaba el a\u00f1o, pero los mercadillos siguen. Este fin de semana habr\u00e1, por ejemplo, uno con productos locales el s\u00e1bado en Jubrique, que celebra su popular concurso de aguardiente. Y al puerto deportivo de Estepona vuelve el Mercadillo Navide\u00f1o, de 10 a 15 horas\u00a0 en la explanada de Levante del recinto portuario, frente [&hellip;]<\/p>\n","protected":false},"author":24,"featured_media":0,"comment_status":"open","ping_status":"open","sticky":false,"template":"","format":"standard","meta":[],"categories":[2,3,4,5],"tags":[5002,4999,4996,4982,5001,5000,4525,4998],"_links":{"self":[{"href":"https:\/\/blogs.diariosur.es\/-que-le-compro-\/wp-json\/wp\/v2\/posts\/6369"}],"collection":[{"href":"https:\/\/blogs.diariosur.es\/-que-le-compro-\/wp-json\/wp\/v2\/posts"}],"about":[{"href":"https:\/\/blogs.diariosur.es\/-que-le-compro-\/wp-json\/wp\/v2\/types\/post"}],"author":[{"embeddable":true,"href":"https:\/\/blogs.diariosur.es\/-que-le-compro-\/wp-json\/wp\/v2\/users\/24"}],"replies":[{"embeddable":true,"href":"https:\/\/blogs.diariosur.es\/-que-le-compro-\/wp-json\/wp\/v2\/comments?post=6369"}],"version-history":[{"count":4,"href":"https:\/\/blogs.diariosur.es\/-que-le-compro-\/wp-json\/wp\/v2\/posts\/6369\/revisions"}],"predecessor-version":[{"id":6374,"href":"https:\/\/blogs.diariosur.es\/-que-le-compro-\/wp-json\/wp\/v2\/posts\/6369\/revisions\/6374"}],"wp:attachment":[{"href":"https:\/\/blogs.diariosur.es\/-que-le-compro-\/wp-json\/wp\/v2\/media?parent=6369"}],"wp:term":[{"taxonomy":"category","embeddable":true,"href":"https:\/\/blogs.diariosur.es\/-que-le-compro-\/wp-json\/wp\/v2\/categories?post=6369"},{"taxonomy":"post_tag","embeddable":true,"href":"https:\/\/blogs.diariosur.es\/-que-le-compro-\/wp-json\/wp\/v2\/tags?post=6369"}],"curies":[{"name":"wp","href":"https:\/\/api.w.org\/{rel}","templated":true}]}}