{"id":6384,"date":"2024-02-08T14:04:42","date_gmt":"2024-02-08T13:04:42","guid":{"rendered":"https:\/\/blogs.diariosur.es\/-que-le-compro-\/?p=6384"},"modified":"2024-02-08T14:04:42","modified_gmt":"2024-02-08T13:04:42","slug":"nuevo-futuro-mercadillos-malaga-febrero","status":"publish","type":"post","link":"https:\/\/blogs.diariosur.es\/-que-le-compro-\/2024\/02\/08\/nuevo-futuro-mercadillos-malaga-febrero\/","title":{"rendered":"Nuevo Futuro y m\u00e1s mercadillos en M\u00e1laga"},"content":{"rendered":"<p>S\u00ed, como lees. Estamos en febrero pero en M\u00e1laga habr\u00e1 Rastrillo de <strong>Nuevo Futuro<\/strong> este fin de semana. Se trata de lo que se puede denominar como una nueva versi\u00f3n a la que han bautizado como Market del Rastrillo, m\u00e1s peque\u00f1a y que supone una vuelta a los or\u00edgenes de esta iniciativa solidaria. Podr\u00e1 visitarse del viernes al domingo en la sede del Real Club Mediterr\u00e1neo (Paseo de la Farola 14) de once de la ma\u00f1ana a ocho de la tarde. <a href=\"https:\/\/www.diariosur.es\/malaga-capital\/market-nuevo-futuro-rastrillo-club-mediterraneo-20240207182221-nt.html\" rel=\"external nofollow\">Aqu\u00ed tienes m\u00e1s detalles<\/a><\/p>\n<p>Adem\u00e1s, el s\u00e1bado en el M\u00e1laga Factory (dentro del parque comercial M\u00e1laga Nostrum) se exhibir\u00e1n las creaciones de emprendedores locales en la nueva edici\u00f3n del <strong>Dream Market<\/strong>, que se desarrolla en colaboraci\u00f3n con Galer\u00eda Pop Up. Con acceso gratuito, permanecer\u00e1 instalado de diez de la ma\u00f1ana a diez de la noche.<\/p>\n<p>Y el domingo, tambi\u00e9n en la capital, se podr\u00e1 disfrutar de una nueva edici\u00f3n del Zoco de <strong>Muelle Uno<\/strong> que se desarrollar\u00e1 en paralelo al Mercado de Invierno, abierto diariamente hasta el pr\u00f3ximo 25 de febrero.<\/p>\n<div id=\"attachment_6385\" style=\"width: 788px\" class=\"wp-caption aligncenter\"><a href=\"https:\/\/static-blogs.diariosur.es\/wp-content\/uploads\/sites\/19\/2024\/02\/mercado-invierno.jpg\"><img aria-describedby=\"caption-attachment-6385\" loading=\"lazy\" class=\"size-full wp-image-6385\" src=\"https:\/\/static-blogs.diariosur.es\/wp-content\/uploads\/sites\/19\/2024\/02\/mercado-invierno.jpg\" alt=\"\" width=\"778\" height=\"564\" srcset=\"https:\/\/static-blogs.diariosur.es\/wp-content\/uploads\/sites\/19\/2024\/02\/mercado-invierno.jpg 778w, https:\/\/static-blogs.diariosur.es\/wp-content\/uploads\/sites\/19\/2024\/02\/mercado-invierno-300x217.jpg 300w, https:\/\/static-blogs.diariosur.es\/wp-content\/uploads\/sites\/19\/2024\/02\/mercado-invierno-768x557.jpg 768w\" sizes=\"(max-width: 778px) 100vw, 778px\" \/><\/a><p id=\"caption-attachment-6385\" class=\"wp-caption-text\">El Mercado de Invierno, en Muelle Uno hasta el 25 de febrero. :: M. U.<\/p><\/div>\n<p>\u00a1Buen fin de semana!<\/p>\n","protected":false},"excerpt":{"rendered":"<p>S\u00ed, como lees. Estamos en febrero pero en M\u00e1laga habr\u00e1 Rastrillo de Nuevo Futuro este fin de semana. Se trata de lo que se puede denominar como una nueva versi\u00f3n a la que han bautizado como Market del Rastrillo, m\u00e1s peque\u00f1a y que supone una vuelta a los or\u00edgenes de esta iniciativa solidaria. Podr\u00e1 visitarse [&hellip;]<\/p>\n","protected":false},"author":24,"featured_media":0,"comment_status":"open","ping_status":"open","sticky":false,"template":"","format":"standard","meta":[],"categories":[2,4,6],"tags":[4985,5007,5005,4250,5009,5006,2559,2685,2825,5008],"_links":{"self":[{"href":"https:\/\/blogs.diariosur.es\/-que-le-compro-\/wp-json\/wp\/v2\/posts\/6384"}],"collection":[{"href":"https:\/\/blogs.diariosur.es\/-que-le-compro-\/wp-json\/wp\/v2\/posts"}],"about":[{"href":"https:\/\/blogs.diariosur.es\/-que-le-compro-\/wp-json\/wp\/v2\/types\/post"}],"author":[{"embeddable":true,"href":"https:\/\/blogs.diariosur.es\/-que-le-compro-\/wp-json\/wp\/v2\/users\/24"}],"replies":[{"embeddable":true,"href":"https:\/\/blogs.diariosur.es\/-que-le-compro-\/wp-json\/wp\/v2\/comments?post=6384"}],"version-history":[{"count":1,"href":"https:\/\/blogs.diariosur.es\/-que-le-compro-\/wp-json\/wp\/v2\/posts\/6384\/revisions"}],"predecessor-version":[{"id":6386,"href":"https:\/\/blogs.diariosur.es\/-que-le-compro-\/wp-json\/wp\/v2\/posts\/6384\/revisions\/6386"}],"wp:attachment":[{"href":"https:\/\/blogs.diariosur.es\/-que-le-compro-\/wp-json\/wp\/v2\/media?parent=6384"}],"wp:term":[{"taxonomy":"category","embeddable":true,"href":"https:\/\/blogs.diariosur.es\/-que-le-compro-\/wp-json\/wp\/v2\/categories?post=6384"},{"taxonomy":"post_tag","embeddable":true,"href":"https:\/\/blogs.diariosur.es\/-que-le-compro-\/wp-json\/wp\/v2\/tags?post=6384"}],"curies":[{"name":"wp","href":"https:\/\/api.w.org\/{rel}","templated":true}]}}