{"id":6388,"date":"2024-02-22T18:40:47","date_gmt":"2024-02-22T17:40:47","guid":{"rendered":"https:\/\/blogs.diariosur.es\/-que-le-compro-\/?p=6388"},"modified":"2024-02-22T18:40:47","modified_gmt":"2024-02-22T17:40:47","slug":"mercadillos-malaga-playmobil-benalmadena","status":"publish","type":"post","link":"https:\/\/blogs.diariosur.es\/-que-le-compro-\/2024\/02\/22\/mercadillos-malaga-playmobil-benalmadena\/","title":{"rendered":"Playmobil, un adi\u00f3s y m\u00e1s mercadillos en M\u00e1laga"},"content":{"rendered":"<p>\u00bfQu\u00e9 mercadillos artesanales se pueden visitar este fin de semana en M\u00e1laga? La agenda no es tan amplia como otras veces, ya que estamos a final de mes, pero hay varias opciones para elegir. Y tambi\u00e9n despedidas. Porque este domingo, si no hay cambios, ser\u00e1 el \u00faltimo d\u00eda del\u00a0\u00a0<strong>Mercado de Invierno<\/strong>\u00a0de Muelle Uno, abierto desde las diez de la ma\u00f1ana hasta las diez de la noche.<\/p>\n<p>Tambi\u00e9n este domingo vuelve el\u00a0<strong>Soho Mercado Urbano<\/strong>\u00a0a la c\u00e9ntrica calle Tom\u00e1s Heredia,\u00a0 en la capital, que podr\u00e1 visitarse de once de la ma\u00f1ana a siete de la tarde, con distintos stands con artesan\u00eda, moda o decoraci\u00f3n.<\/p>\n<div id=\"attachment_6389\" style=\"width: 1034px\" class=\"wp-caption aligncenter\"><a href=\"https:\/\/static-blogs.diariosur.es\/wp-content\/uploads\/sites\/19\/2024\/02\/soho2.jpg\"><img aria-describedby=\"caption-attachment-6389\" loading=\"lazy\" class=\"size-large wp-image-6389\" src=\"https:\/\/static-blogs.diariosur.es\/wp-content\/uploads\/sites\/19\/2024\/02\/soho2-1024x816.jpg\" alt=\"\" width=\"1024\" height=\"816\" srcset=\"https:\/\/static-blogs.diariosur.es\/wp-content\/uploads\/sites\/19\/2024\/02\/soho2-1024x816.jpg 1024w, https:\/\/static-blogs.diariosur.es\/wp-content\/uploads\/sites\/19\/2024\/02\/soho2-300x239.jpg 300w, https:\/\/static-blogs.diariosur.es\/wp-content\/uploads\/sites\/19\/2024\/02\/soho2-768x612.jpg 768w, https:\/\/static-blogs.diariosur.es\/wp-content\/uploads\/sites\/19\/2024\/02\/soho2.jpg 1374w\" sizes=\"(max-width: 1024px) 100vw, 1024px\" \/><\/a><p id=\"caption-attachment-6389\" class=\"wp-caption-text\">Artesan\u00eda en el Soho Mercado Urbano este domingo. :: Ch. M.<\/p><\/div>\n<p>Y dos planes para el s\u00e1bado. Uno es en la capital, concretamente en el centro comercial Los Patios, que acoge un mercadillo-exposici\u00f3n de <strong>Playmobil<\/strong> de once de la ma\u00f1ana a nueve de la noche, con tem\u00e1tica espacial. Y la otra cita, tambi\u00e9n dirigida a toda la familia, es en el Puerto Deportivo de <strong>Benalm\u00e1dena<\/strong>, que este fin de semana acoge\u00a0 Beatleman\u00eda, con m\u00fasica en directo a esta emblem\u00e1tica banda, y que el s\u00e1bado organizar\u00e1 tambi\u00e9n un mercadillo artesanal de inspiraci\u00f3n brit\u00e1nica a partir de las 12 de la ma\u00f1ana.<\/p>\n<p>\u00a1Buen fin de semana!<\/p>\n","protected":false},"excerpt":{"rendered":"<p>\u00bfQu\u00e9 mercadillos artesanales se pueden visitar este fin de semana en M\u00e1laga? La agenda no es tan amplia como otras veces, ya que estamos a final de mes, pero hay varias opciones para elegir. Y tambi\u00e9n despedidas. Porque este domingo, si no hay cambios, ser\u00e1 el \u00faltimo d\u00eda del\u00a0\u00a0Mercado de Invierno\u00a0de Muelle Uno, abierto desde [&hellip;]<\/p>\n","protected":false},"author":24,"featured_media":0,"comment_status":"open","ping_status":"open","sticky":false,"template":"","format":"standard","meta":[],"categories":[2,3,4,5],"tags":[5010,4430,3994,5011,5004,4525],"_links":{"self":[{"href":"https:\/\/blogs.diariosur.es\/-que-le-compro-\/wp-json\/wp\/v2\/posts\/6388"}],"collection":[{"href":"https:\/\/blogs.diariosur.es\/-que-le-compro-\/wp-json\/wp\/v2\/posts"}],"about":[{"href":"https:\/\/blogs.diariosur.es\/-que-le-compro-\/wp-json\/wp\/v2\/types\/post"}],"author":[{"embeddable":true,"href":"https:\/\/blogs.diariosur.es\/-que-le-compro-\/wp-json\/wp\/v2\/users\/24"}],"replies":[{"embeddable":true,"href":"https:\/\/blogs.diariosur.es\/-que-le-compro-\/wp-json\/wp\/v2\/comments?post=6388"}],"version-history":[{"count":1,"href":"https:\/\/blogs.diariosur.es\/-que-le-compro-\/wp-json\/wp\/v2\/posts\/6388\/revisions"}],"predecessor-version":[{"id":6390,"href":"https:\/\/blogs.diariosur.es\/-que-le-compro-\/wp-json\/wp\/v2\/posts\/6388\/revisions\/6390"}],"wp:attachment":[{"href":"https:\/\/blogs.diariosur.es\/-que-le-compro-\/wp-json\/wp\/v2\/media?parent=6388"}],"wp:term":[{"taxonomy":"category","embeddable":true,"href":"https:\/\/blogs.diariosur.es\/-que-le-compro-\/wp-json\/wp\/v2\/categories?post=6388"},{"taxonomy":"post_tag","embeddable":true,"href":"https:\/\/blogs.diariosur.es\/-que-le-compro-\/wp-json\/wp\/v2\/tags?post=6388"}],"curies":[{"name":"wp","href":"https:\/\/api.w.org\/{rel}","templated":true}]}}