{"id":6391,"date":"2024-02-29T18:53:52","date_gmt":"2024-02-29T17:53:52","guid":{"rendered":"https:\/\/blogs.diariosur.es\/-que-le-compro-\/?p=6391"},"modified":"2024-03-01T12:27:19","modified_gmt":"2024-03-01T11:27:19","slug":"mercadillos-artesania-malaga-marzo","status":"publish","type":"post","link":"https:\/\/blogs.diariosur.es\/-que-le-compro-\/2024\/02\/29\/mercadillos-artesania-malaga-marzo\/","title":{"rendered":"Mercadillos de artesan\u00eda para empezar marzo en M\u00e1laga"},"content":{"rendered":"<p>Llega marzo y con \u00e9l varias citas para disfrutar de la artesan\u00eda local. En esta ocasi\u00f3n se centran en el s\u00e1bado, y especialmente en la provincia. Por un lado, al ser el primer s\u00e1bado del mes se celebrar\u00e1 la edici\u00f3n mensual del mercado agro-artesanal del municipio de\u00a0<strong>Genalguacil<\/strong>, que podr\u00e1 visitarse de doce de la ma\u00f1ana a seis de la tarde.<\/p>\n<p><a href=\"https:\/\/static-blogs.diariosur.es\/wp-content\/uploads\/sites\/19\/2024\/02\/colgantes.jpg\"><img loading=\"lazy\" class=\"aligncenter size-large wp-image-6392\" src=\"https:\/\/static-blogs.diariosur.es\/wp-content\/uploads\/sites\/19\/2024\/02\/colgantes-1024x498.jpg\" alt=\"\" width=\"1024\" height=\"498\" srcset=\"https:\/\/static-blogs.diariosur.es\/wp-content\/uploads\/sites\/19\/2024\/02\/colgantes-1024x498.jpg 1024w, https:\/\/static-blogs.diariosur.es\/wp-content\/uploads\/sites\/19\/2024\/02\/colgantes-300x146.jpg 300w, https:\/\/static-blogs.diariosur.es\/wp-content\/uploads\/sites\/19\/2024\/02\/colgantes-768x373.jpg 768w, https:\/\/static-blogs.diariosur.es\/wp-content\/uploads\/sites\/19\/2024\/02\/colgantes.jpg 1070w\" sizes=\"(max-width: 1024px) 100vw, 1024px\" \/><\/a><\/p>\n<p>Y una novedad: el mercado de artesan\u00eda que se instalar\u00e1 en el Puerto Deportivo de <strong>Benalm\u00e1dena.<\/strong> Ser\u00e1 a partir de las 12.30 horas dentro del programa de actividades de &#8216;Folklore&#8217;, que ofrecer\u00e1 adem\u00e1s una cajoneada familiar as\u00ed como algunos conciertos por la tarde.<\/p>\n<p>En la capital, vuelve la cita para los fans de\u00a0<strong>Playmobil<\/strong>\u00a0en el parque comercial M\u00e1laga Nostrum, ya que en el edificio de M\u00e1laga Ocio estar\u00e1 el mercadillo instalado de diez de la ma\u00f1ana a ocho de la tarde. Y el domingo, habr\u00e1 Zoco en <strong>Muelle Uno<\/strong> desde las once de la ma\u00f1ana hasta las seis de la tarde.<\/p>\n<p>\u00a1Buen fin de semana!<\/p>\n","protected":false},"excerpt":{"rendered":"<p>Llega marzo y con \u00e9l varias citas para disfrutar de la artesan\u00eda local. En esta ocasi\u00f3n se centran en el s\u00e1bado, y especialmente en la provincia. Por un lado, al ser el primer s\u00e1bado del mes se celebrar\u00e1 la edici\u00f3n mensual del mercado agro-artesanal del municipio de\u00a0Genalguacil, que podr\u00e1 visitarse de doce de la ma\u00f1ana [&hellip;]<\/p>\n","protected":false},"author":24,"featured_media":0,"comment_status":"open","ping_status":"open","sticky":false,"template":"","format":"standard","meta":[],"categories":[2,3,4],"tags":[4699,3994,5012,2359,4732,3972],"_links":{"self":[{"href":"https:\/\/blogs.diariosur.es\/-que-le-compro-\/wp-json\/wp\/v2\/posts\/6391"}],"collection":[{"href":"https:\/\/blogs.diariosur.es\/-que-le-compro-\/wp-json\/wp\/v2\/posts"}],"about":[{"href":"https:\/\/blogs.diariosur.es\/-que-le-compro-\/wp-json\/wp\/v2\/types\/post"}],"author":[{"embeddable":true,"href":"https:\/\/blogs.diariosur.es\/-que-le-compro-\/wp-json\/wp\/v2\/users\/24"}],"replies":[{"embeddable":true,"href":"https:\/\/blogs.diariosur.es\/-que-le-compro-\/wp-json\/wp\/v2\/comments?post=6391"}],"version-history":[{"count":2,"href":"https:\/\/blogs.diariosur.es\/-que-le-compro-\/wp-json\/wp\/v2\/posts\/6391\/revisions"}],"predecessor-version":[{"id":6395,"href":"https:\/\/blogs.diariosur.es\/-que-le-compro-\/wp-json\/wp\/v2\/posts\/6391\/revisions\/6395"}],"wp:attachment":[{"href":"https:\/\/blogs.diariosur.es\/-que-le-compro-\/wp-json\/wp\/v2\/media?parent=6391"}],"wp:term":[{"taxonomy":"category","embeddable":true,"href":"https:\/\/blogs.diariosur.es\/-que-le-compro-\/wp-json\/wp\/v2\/categories?post=6391"},{"taxonomy":"post_tag","embeddable":true,"href":"https:\/\/blogs.diariosur.es\/-que-le-compro-\/wp-json\/wp\/v2\/tags?post=6391"}],"curies":[{"name":"wp","href":"https:\/\/api.w.org\/{rel}","templated":true}]}}