{"id":6397,"date":"2024-03-14T16:28:32","date_gmt":"2024-03-14T15:28:32","guid":{"rendered":"https:\/\/blogs.diariosur.es\/-que-le-compro-\/?p=6397"},"modified":"2024-03-14T17:17:59","modified_gmt":"2024-03-14T16:17:59","slug":"mercadillo-cementerio-ingles-malaga-marzo","status":"publish","type":"post","link":"https:\/\/blogs.diariosur.es\/-que-le-compro-\/2024\/03\/14\/mercadillo-cementerio-ingles-malaga-marzo\/","title":{"rendered":"Vuelve el Mercadillo del Ingl\u00e9s este fin de semana a M\u00e1laga"},"content":{"rendered":"<p>El \u00faltimo fin de semana antes de las procesiones de Semana Santa ofrece una interesante agenda de mercadillos, con dos regresos. Uno es el de las pop up de <strong>La Temporal<\/strong>. Ser\u00e1 el viernes en pleno Centro, concretamente en la plaza del Teatro 2. All\u00ed, desde las 11 las 20 horas, con entrada libre, se podr\u00e1 disfrutar del Fashion Event Spring-Summer 24.<\/p>\n<p>Y la otra vuelta es la del mercadillo del <strong>Cementerio Ingl\u00e9s<\/strong> de M\u00e1laga. Ser\u00e1 este s\u00e1bado desde las 11.30 hasta las 18 horas y en \u00e9l los visitantes podr\u00e1n encontrar art\u00edculos de decoraci\u00f3n vintage, libros, cer\u00e1mica, artesan\u00eda&#8230;\u00a0 Adem\u00e1s de food-trucks para poder picar algo, en esta edici\u00f3n como novedad se podr\u00e1n degustar y comprar dulces\u00a0caseros tradicionales de cuaresma y Semana Santa elaborados por las Hermanas Clarisas del\u00a0Convento de la Trinidad de M\u00e1laga.\u00a0Para poder acceder ser\u00e1 necesario aportar un donativo de un euro (ni\u00f1os gratis) que ir\u00e1 destinado a\u00a0la conservaci\u00f3n y mantenimiento del camposanto.<\/p>\n<div id=\"attachment_6398\" style=\"width: 970px\" class=\"wp-caption aligncenter\"><a href=\"https:\/\/static-blogs.diariosur.es\/wp-content\/uploads\/sites\/19\/2024\/03\/cementerio-ingles2.jpg\"><img aria-describedby=\"caption-attachment-6398\" loading=\"lazy\" class=\"size-full wp-image-6398\" src=\"https:\/\/static-blogs.diariosur.es\/wp-content\/uploads\/sites\/19\/2024\/03\/cementerio-ingles2.jpg\" alt=\"\" width=\"960\" height=\"605\" srcset=\"https:\/\/static-blogs.diariosur.es\/wp-content\/uploads\/sites\/19\/2024\/03\/cementerio-ingles2.jpg 960w, https:\/\/static-blogs.diariosur.es\/wp-content\/uploads\/sites\/19\/2024\/03\/cementerio-ingles2-300x189.jpg 300w, https:\/\/static-blogs.diariosur.es\/wp-content\/uploads\/sites\/19\/2024\/03\/cementerio-ingles2-768x484.jpg 768w\" sizes=\"(max-width: 960px) 100vw, 960px\" \/><\/a><p id=\"caption-attachment-6398\" class=\"wp-caption-text\">El Mercadillo del Ingl\u00e9s se celebra este s\u00e1bado<\/p><\/div>\n<p>Tambi\u00e9n el s\u00e1bado ser\u00e1 la edici\u00f3n mensual del <strong>Friki Market<\/strong> en el edificio de M\u00e1laga Ocio (parque comercial M\u00e1laga Nostrum) de 12 a 22 horas y adem\u00e1s, en el Puerto Deportivo de <strong>Benalm\u00e1dena<\/strong> se podr\u00e1 disfrutar del evento &#8216;Folkore Celtas&#8217; desde las 12 de la ma\u00f1ana, que incluir\u00e1 una exhibici\u00f3n de bailes celtas, un concierto tributo a U2 a cargo de Uphoria y un mercadillo de artesan\u00eda.<\/p>\n<p>Para completar, de vuelta a M\u00e1laga capital, el domingo habr\u00e1 zoco en <strong>Muelle Uno<\/strong> desde las 13 hasta las 20 horas.<\/p>\n<p>\u00a1Buen fin de semana!<\/p>\n<p>&nbsp;<\/p>\n","protected":false},"excerpt":{"rendered":"<p>El \u00faltimo fin de semana antes de las procesiones de Semana Santa ofrece una interesante agenda de mercadillos, con dos regresos. Uno es el de las pop up de La Temporal. Ser\u00e1 el viernes en pleno Centro, concretamente en la plaza del Teatro 2. All\u00ed, desde las 11 las 20 horas, con entrada libre, se [&hellip;]<\/p>\n","protected":false},"author":24,"featured_media":0,"comment_status":"open","ping_status":"open","sticky":false,"template":"","format":"standard","meta":[],"categories":[2,4],"tags":[5013,4709,1914,2059,2236,5014,2825,3063,3972],"_links":{"self":[{"href":"https:\/\/blogs.diariosur.es\/-que-le-compro-\/wp-json\/wp\/v2\/posts\/6397"}],"collection":[{"href":"https:\/\/blogs.diariosur.es\/-que-le-compro-\/wp-json\/wp\/v2\/posts"}],"about":[{"href":"https:\/\/blogs.diariosur.es\/-que-le-compro-\/wp-json\/wp\/v2\/types\/post"}],"author":[{"embeddable":true,"href":"https:\/\/blogs.diariosur.es\/-que-le-compro-\/wp-json\/wp\/v2\/users\/24"}],"replies":[{"embeddable":true,"href":"https:\/\/blogs.diariosur.es\/-que-le-compro-\/wp-json\/wp\/v2\/comments?post=6397"}],"version-history":[{"count":2,"href":"https:\/\/blogs.diariosur.es\/-que-le-compro-\/wp-json\/wp\/v2\/posts\/6397\/revisions"}],"predecessor-version":[{"id":6400,"href":"https:\/\/blogs.diariosur.es\/-que-le-compro-\/wp-json\/wp\/v2\/posts\/6397\/revisions\/6400"}],"wp:attachment":[{"href":"https:\/\/blogs.diariosur.es\/-que-le-compro-\/wp-json\/wp\/v2\/media?parent=6397"}],"wp:term":[{"taxonomy":"category","embeddable":true,"href":"https:\/\/blogs.diariosur.es\/-que-le-compro-\/wp-json\/wp\/v2\/categories?post=6397"},{"taxonomy":"post_tag","embeddable":true,"href":"https:\/\/blogs.diariosur.es\/-que-le-compro-\/wp-json\/wp\/v2\/tags?post=6397"}],"curies":[{"name":"wp","href":"https:\/\/api.w.org\/{rel}","templated":true}]}}