{"id":6402,"date":"2024-04-03T16:47:08","date_gmt":"2024-04-03T14:47:08","guid":{"rendered":"https:\/\/blogs.diariosur.es\/-que-le-compro-\/?p=6402"},"modified":"2024-04-05T17:28:01","modified_gmt":"2024-04-05T15:28:01","slug":"mercadillos-nuevos-en-abril-en-malaga","status":"publish","type":"post","link":"https:\/\/blogs.diariosur.es\/-que-le-compro-\/2024\/04\/03\/mercadillos-nuevos-en-abril-en-malaga\/","title":{"rendered":"Mercadillos nuevos en abril en M\u00e1laga"},"content":{"rendered":"<p>Ya se sabe que cada primer fin de semana la agenda de mercadillos est\u00e1 a tope. Y a los habituales de cada inicio de mes se le suman otras citas en esta ocasi\u00f3n. Y un estreno, el de la Plaza de los Artesanos, que este s\u00e1bado aterriza en la plaza de la Legi\u00f3n, de <strong>Alhaur\u00edn el Grande<\/strong>. Ser\u00e1 de diez de la ma\u00f1ana a siete de la tarde. Adem\u00e1s,\u00a0en la plaza de Espa\u00f1a de <strong>Nerja<\/strong> se podr\u00e1 disfrutar\u00a0 hasta el domingo de un mercado medieval, y ya que estamos con la provincia destaca el gran mercado gastron\u00f3mico de la feria <strong>Sabor a M\u00e1laga,<\/strong> que llega este fin de semana a Arroyo de la Miel. Tambi\u00e9n <strong>gastronom\u00eda y artesan\u00eda<\/strong>\u00a0se unir\u00e1n en D\u00eda de la Tagarnina, en Villanueva del Rosario, y productos locales se podr\u00e1n adquirir igualmente en Periana con motivo de su D\u00eda del Aceite Verdial.<\/p>\n<p>Adem\u00e1s, al ser el primer s\u00e1bado de abril se celebrar\u00e1 la edici\u00f3n mensual del mercado agro-artesanal del municipio de\u00a0<strong>Genalguacil<\/strong>, que podr\u00e1 visitarse de doce de la ma\u00f1ana a seis de la tarde.\u00a0En la capital, vuelve la cita para los fans de\u00a0<strong>Playmobil<\/strong>\u00a0en el parque comercial M\u00e1laga Nostrum, ya que en el edificio de M\u00e1laga Ocio estar\u00e1 el mercadillo instalado de diez de la ma\u00f1ana a ocho de la tarde y en <strong>Plaza Mayor<\/strong> se podr\u00e1 disfrutar de una nueva edici\u00f3n del Mercado de las Flores.<\/p>\n<p>Y el domingo, habr\u00e1 Zoco en\u00a0<strong>Muelle Uno<\/strong>\u00a0desde las once de la ma\u00f1ana hasta las seis de la tarde que se celebrar\u00e1 en paralelo al Mercado de Primavera, que se puede visitar todos los d\u00edas hasta el 9 de junio de diez de la ma\u00f1ana a diez de la noche.<\/p>\n<div id=\"attachment_6404\" style=\"width: 1010px\" class=\"wp-caption aligncenter\"><a href=\"https:\/\/static-blogs.diariosur.es\/wp-content\/uploads\/sites\/19\/2024\/04\/zodo2.jpg\"><img aria-describedby=\"caption-attachment-6404\" loading=\"lazy\" class=\"size-full wp-image-6404\" src=\"https:\/\/static-blogs.diariosur.es\/wp-content\/uploads\/sites\/19\/2024\/04\/zodo2.jpg\" alt=\"\" width=\"1000\" height=\"750\" srcset=\"https:\/\/static-blogs.diariosur.es\/wp-content\/uploads\/sites\/19\/2024\/04\/zodo2.jpg 1000w, https:\/\/static-blogs.diariosur.es\/wp-content\/uploads\/sites\/19\/2024\/04\/zodo2-300x225.jpg 300w, https:\/\/static-blogs.diariosur.es\/wp-content\/uploads\/sites\/19\/2024\/04\/zodo2-768x576.jpg 768w\" sizes=\"(max-width: 1000px) 100vw, 1000px\" \/><\/a><p id=\"caption-attachment-6404\" class=\"wp-caption-text\">Zoco en Muelle Uno este domingo<\/p><\/div>\n<p>\u00a1Buen fin de semana!<\/p>\n","protected":false},"excerpt":{"rendered":"<p>Ya se sabe que cada primer fin de semana la agenda de mercadillos est\u00e1 a tope. Y a los habituales de cada inicio de mes se le suman otras citas en esta ocasi\u00f3n. Y un estreno, el de la Plaza de los Artesanos, que este s\u00e1bado aterriza en la plaza de la Legi\u00f3n, de Alhaur\u00edn [&hellip;]<\/p>\n","protected":false},"author":24,"featured_media":0,"comment_status":"open","ping_status":"open","sticky":false,"template":"","format":"standard","meta":[],"categories":[2,3,4],"tags":[4344,2059,5019,5017,4732,4680,4398,5015,5016,2825,5018,3972],"_links":{"self":[{"href":"https:\/\/blogs.diariosur.es\/-que-le-compro-\/wp-json\/wp\/v2\/posts\/6402"}],"collection":[{"href":"https:\/\/blogs.diariosur.es\/-que-le-compro-\/wp-json\/wp\/v2\/posts"}],"about":[{"href":"https:\/\/blogs.diariosur.es\/-que-le-compro-\/wp-json\/wp\/v2\/types\/post"}],"author":[{"embeddable":true,"href":"https:\/\/blogs.diariosur.es\/-que-le-compro-\/wp-json\/wp\/v2\/users\/24"}],"replies":[{"embeddable":true,"href":"https:\/\/blogs.diariosur.es\/-que-le-compro-\/wp-json\/wp\/v2\/comments?post=6402"}],"version-history":[{"count":4,"href":"https:\/\/blogs.diariosur.es\/-que-le-compro-\/wp-json\/wp\/v2\/posts\/6402\/revisions"}],"predecessor-version":[{"id":6408,"href":"https:\/\/blogs.diariosur.es\/-que-le-compro-\/wp-json\/wp\/v2\/posts\/6402\/revisions\/6408"}],"wp:attachment":[{"href":"https:\/\/blogs.diariosur.es\/-que-le-compro-\/wp-json\/wp\/v2\/media?parent=6402"}],"wp:term":[{"taxonomy":"category","embeddable":true,"href":"https:\/\/blogs.diariosur.es\/-que-le-compro-\/wp-json\/wp\/v2\/categories?post=6402"},{"taxonomy":"post_tag","embeddable":true,"href":"https:\/\/blogs.diariosur.es\/-que-le-compro-\/wp-json\/wp\/v2\/tags?post=6402"}],"curies":[{"name":"wp","href":"https:\/\/api.w.org\/{rel}","templated":true}]}}