{"id":6409,"date":"2024-04-10T23:27:48","date_gmt":"2024-04-10T21:27:48","guid":{"rendered":"https:\/\/blogs.diariosur.es\/-que-le-compro-\/?p=6409"},"modified":"2024-04-11T18:56:33","modified_gmt":"2024-04-11T16:56:33","slug":"mercadillos-gastronomia-malaga-artesania-abril","status":"publish","type":"post","link":"https:\/\/blogs.diariosur.es\/-que-le-compro-\/2024\/04\/10\/mercadillos-gastronomia-malaga-artesania-abril\/","title":{"rendered":"Gastronom\u00eda y artesan\u00eda en los mercadillos de M\u00e1laga"},"content":{"rendered":"<p>La gastronom\u00eda manda en los mercadillos de este fin de semana en M\u00e1laga. Por ejemplo, habr\u00e1 un mercado para chuparse los dedos en el D\u00eda del Pipeo en Casarabonela, tambi\u00e9n en la iniciativa &#8216;Estepona vive sus calles&#8217; hasta el domingo, as\u00ed como una feria de Sabor a M\u00e1laga en V\u00e9lez-M\u00e1laga.<\/p>\n<p style=\"font-weight: 400;\">Adem\u00e1s, el Puerto Deportivo de <strong>Estepona<\/strong> organiza este s\u00e1bado un mercadillo solidario junto a la Plataforma para la Promoci\u00f3n del Voluntariado de Estepona.\u00a0Las asociaciones y organizaciones que estar\u00e1n presentes son\u00a0AECC Estepona,\u00a0Cruz Roja,\u00a0Entre Gatos,\u00a0ASDIES,\u00a0Manos Unidas,\u00a0Pax Cultural,\u00a0Asociaci\u00f3n Canina de Estepona,\u00a0ADFIA Respira,\u00a0Ni\u00f1os Grandes con Autismo\u00a0o\u00a0Luisana, entre otras, y en cuyos puestos se podr\u00e1n comprar diversos productos y art\u00edculos de artesan\u00eda. La cita es de 10 a 15 horas en la explanada del recinto portuario, junto a la torre de control.<\/p>\n<div id=\"attachment_6410\" style=\"width: 1022px\" class=\"wp-caption aligncenter\"><a href=\"https:\/\/static-blogs.diariosur.es\/wp-content\/uploads\/sites\/19\/2024\/04\/2pendientes.jpg\"><img aria-describedby=\"caption-attachment-6410\" loading=\"lazy\" class=\"size-full wp-image-6410\" src=\"https:\/\/static-blogs.diariosur.es\/wp-content\/uploads\/sites\/19\/2024\/04\/2pendientes.jpg\" alt=\"\" width=\"1012\" height=\"420\" srcset=\"https:\/\/static-blogs.diariosur.es\/wp-content\/uploads\/sites\/19\/2024\/04\/2pendientes.jpg 1012w, https:\/\/static-blogs.diariosur.es\/wp-content\/uploads\/sites\/19\/2024\/04\/2pendientes-300x125.jpg 300w, https:\/\/static-blogs.diariosur.es\/wp-content\/uploads\/sites\/19\/2024\/04\/2pendientes-768x319.jpg 768w\" sizes=\"(max-width: 1012px) 100vw, 1012px\" \/><\/a><p id=\"caption-attachment-6410\" class=\"wp-caption-text\">Artesan\u00eda en el Soho Mercado Urbano este domingo. :: Ch. M.<\/p><\/div>\n<p>En la capital, el Soho Mercado Urbano vuelve a tomar la c\u00e9ntrica calle Tom\u00e1s Heredia de once de la ma\u00f1ana a siete de la tarde con numerosos expositores de creadores locales que mostrar\u00e1n sus trabajos. Os recuerdo que en<strong> Muelle Uno<\/strong> contin\u00faa el Mercado de Primavera, abierto todos los d\u00edas hasta el 9 de junio de diez de la ma\u00f1ana a diez de la noche y que coincidir\u00e1 parcialmente este domingo con el Zoco, de once de la ma\u00f1ana a seis de la tarde.<\/p>\n<p>&nbsp;<\/p>\n<p>\u00a1Buen fin de semana!<\/p>\n<p style=\"font-weight: 400;\">\n","protected":false},"excerpt":{"rendered":"<p>La gastronom\u00eda manda en los mercadillos de este fin de semana en M\u00e1laga. Por ejemplo, habr\u00e1 un mercado para chuparse los dedos en el D\u00eda del Pipeo en Casarabonela, tambi\u00e9n en la iniciativa &#8216;Estepona vive sus calles&#8217; hasta el domingo, as\u00ed como una feria de Sabor a M\u00e1laga en V\u00e9lez-M\u00e1laga. Adem\u00e1s, el Puerto Deportivo de [&hellip;]<\/p>\n","protected":false},"author":24,"featured_media":0,"comment_status":"open","ping_status":"open","sticky":false,"template":"","format":"standard","meta":[],"categories":[2,3,4],"tags":[5021,4846,5020,4783,4858,4525,3972],"_links":{"self":[{"href":"https:\/\/blogs.diariosur.es\/-que-le-compro-\/wp-json\/wp\/v2\/posts\/6409"}],"collection":[{"href":"https:\/\/blogs.diariosur.es\/-que-le-compro-\/wp-json\/wp\/v2\/posts"}],"about":[{"href":"https:\/\/blogs.diariosur.es\/-que-le-compro-\/wp-json\/wp\/v2\/types\/post"}],"author":[{"embeddable":true,"href":"https:\/\/blogs.diariosur.es\/-que-le-compro-\/wp-json\/wp\/v2\/users\/24"}],"replies":[{"embeddable":true,"href":"https:\/\/blogs.diariosur.es\/-que-le-compro-\/wp-json\/wp\/v2\/comments?post=6409"}],"version-history":[{"count":3,"href":"https:\/\/blogs.diariosur.es\/-que-le-compro-\/wp-json\/wp\/v2\/posts\/6409\/revisions"}],"predecessor-version":[{"id":6414,"href":"https:\/\/blogs.diariosur.es\/-que-le-compro-\/wp-json\/wp\/v2\/posts\/6409\/revisions\/6414"}],"wp:attachment":[{"href":"https:\/\/blogs.diariosur.es\/-que-le-compro-\/wp-json\/wp\/v2\/media?parent=6409"}],"wp:term":[{"taxonomy":"category","embeddable":true,"href":"https:\/\/blogs.diariosur.es\/-que-le-compro-\/wp-json\/wp\/v2\/categories?post=6409"},{"taxonomy":"post_tag","embeddable":true,"href":"https:\/\/blogs.diariosur.es\/-que-le-compro-\/wp-json\/wp\/v2\/tags?post=6409"}],"curies":[{"name":"wp","href":"https:\/\/api.w.org\/{rel}","templated":true}]}}