{"id":6415,"date":"2024-04-18T17:10:48","date_gmt":"2024-04-18T15:10:48","guid":{"rendered":"https:\/\/blogs.diariosur.es\/-que-le-compro-\/?p=6415"},"modified":"2024-04-18T17:22:57","modified_gmt":"2024-04-18T15:22:57","slug":"portovelis-mercadillos-malaga-fin-semana-abril","status":"publish","type":"post","link":"https:\/\/blogs.diariosur.es\/-que-le-compro-\/2024\/04\/18\/portovelis-mercadillos-malaga-fin-semana-abril\/","title":{"rendered":"Estreno de Portovelis y m\u00e1s mercadillos en M\u00e1laga"},"content":{"rendered":"<p>Suma y sigue. Tambi\u00e9n este fin de semana habr\u00e1 un estreno en la agenda de mercadillos artesanales de M\u00e1laga. Concretamente, en V\u00e9lez-M\u00e1laga, que es donde arrancar\u00e1 este domingo <strong>Portovelis<\/strong>, que arranca con el objetivo de celebrarse el tercer domingo de cada mes en el Mercado de San Francisco. En su estreno contar\u00e1 con 26 expositores y adem\u00e1s de compras habr\u00e1 varias actividades. El programa empezar\u00e1<span style=\"font-weight: 400;\">\u00a0a las 10.30 horas con un pasacalles de la Banda de M\u00fasica Municipal, que saldr\u00e1 desde calle Canalejas y se desplazar\u00e1 hasta el mercado de San Francisco.\u00a0 A las 11 se inaugurar\u00e1 el mercadillo y a las 12.30 horas\u00a0 habr\u00e1 actuaciones de grupos de baile, mientras que de 13 a 15 ser\u00e1 un pasacalles y de 15 a 17 horas m\u00fasica y fin de fiesta a cargo de DJ Toulalan.<\/span><\/p>\n<p>Tambi\u00e9n habr\u00e1 otro gran bazar en Casares, que celebra del viernes al domingo su iniciativa <a href=\"https:\/\/www.diariosur.es\/planes\/escapadas\/casares-pueblo-blas-infante-presume-sabor-20240417001957-nt.html\" rel=\"external nofollow\">Degusta Casares<\/a>, con gastronom\u00eda, mercadillo y m\u00e1s propuestas.<\/p>\n<div id=\"attachment_6416\" style=\"width: 810px\" class=\"wp-caption aligncenter\"><a href=\"https:\/\/static-blogs.diariosur.es\/wp-content\/uploads\/sites\/19\/2024\/04\/muelleuno2.jpg\"><img aria-describedby=\"caption-attachment-6416\" loading=\"lazy\" class=\"size-full wp-image-6416\" src=\"https:\/\/static-blogs.diariosur.es\/wp-content\/uploads\/sites\/19\/2024\/04\/muelleuno2.jpg\" alt=\"\" width=\"800\" height=\"556\" srcset=\"https:\/\/static-blogs.diariosur.es\/wp-content\/uploads\/sites\/19\/2024\/04\/muelleuno2.jpg 800w, https:\/\/static-blogs.diariosur.es\/wp-content\/uploads\/sites\/19\/2024\/04\/muelleuno2-300x209.jpg 300w, https:\/\/static-blogs.diariosur.es\/wp-content\/uploads\/sites\/19\/2024\/04\/muelleuno2-768x534.jpg 768w\" sizes=\"(max-width: 800px) 100vw, 800px\" \/><\/a><p id=\"caption-attachment-6416\" class=\"wp-caption-text\">El Mercado de Primavera, abierto en Muelle Uno hasta el 9 de junio. :: M. Uno<\/p><\/div>\n<p>En la capital, el s\u00e1bado ser\u00e1 la edici\u00f3n mensual del\u00a0<strong>Friki Market<\/strong>\u00a0en el edificio de M\u00e1laga Ocio (parque comercial M\u00e1laga Nostrum) a partir de las 12 de la ma\u00f1ana y el domingo habr\u00e1 una nueva edici\u00f3n del Zoco de <strong>Muelle Uno<\/strong> de 12 a 18 horas que se celebrar\u00e1 en paralelo al Mercado de Primavera, abierto diariamente hasta el pr\u00f3ximo 9 de junio de diez de la ma\u00f1ana a diez de la noche.<\/p>\n<p>\u00a1Buen fin de semana!<\/p>\n","protected":false},"excerpt":{"rendered":"<p>Suma y sigue. Tambi\u00e9n este fin de semana habr\u00e1 un estreno en la agenda de mercadillos artesanales de M\u00e1laga. Concretamente, en V\u00e9lez-M\u00e1laga, que es donde arrancar\u00e1 este domingo Portovelis, que arranca con el objetivo de celebrarse el tercer domingo de cada mes en el Mercado de San Francisco. En su estreno contar\u00e1 con 26 expositores [&hellip;]<\/p>\n","protected":false},"author":24,"featured_media":0,"comment_status":"open","ping_status":"open","sticky":false,"template":"","format":"standard","meta":[],"categories":[2,3,4],"tags":[4195,4709,4398,5022,3972],"_links":{"self":[{"href":"https:\/\/blogs.diariosur.es\/-que-le-compro-\/wp-json\/wp\/v2\/posts\/6415"}],"collection":[{"href":"https:\/\/blogs.diariosur.es\/-que-le-compro-\/wp-json\/wp\/v2\/posts"}],"about":[{"href":"https:\/\/blogs.diariosur.es\/-que-le-compro-\/wp-json\/wp\/v2\/types\/post"}],"author":[{"embeddable":true,"href":"https:\/\/blogs.diariosur.es\/-que-le-compro-\/wp-json\/wp\/v2\/users\/24"}],"replies":[{"embeddable":true,"href":"https:\/\/blogs.diariosur.es\/-que-le-compro-\/wp-json\/wp\/v2\/comments?post=6415"}],"version-history":[{"count":2,"href":"https:\/\/blogs.diariosur.es\/-que-le-compro-\/wp-json\/wp\/v2\/posts\/6415\/revisions"}],"predecessor-version":[{"id":6418,"href":"https:\/\/blogs.diariosur.es\/-que-le-compro-\/wp-json\/wp\/v2\/posts\/6415\/revisions\/6418"}],"wp:attachment":[{"href":"https:\/\/blogs.diariosur.es\/-que-le-compro-\/wp-json\/wp\/v2\/media?parent=6415"}],"wp:term":[{"taxonomy":"category","embeddable":true,"href":"https:\/\/blogs.diariosur.es\/-que-le-compro-\/wp-json\/wp\/v2\/categories?post=6415"},{"taxonomy":"post_tag","embeddable":true,"href":"https:\/\/blogs.diariosur.es\/-que-le-compro-\/wp-json\/wp\/v2\/tags?post=6415"}],"curies":[{"name":"wp","href":"https:\/\/api.w.org\/{rel}","templated":true}]}}