{"id":6420,"date":"2024-04-24T20:02:40","date_gmt":"2024-04-24T18:02:40","guid":{"rendered":"https:\/\/blogs.diariosur.es\/-que-le-compro-\/?p=6420"},"modified":"2024-04-24T20:02:40","modified_gmt":"2024-04-24T18:02:40","slug":"playmobil-mercadillos-malaga-abril-fin","status":"publish","type":"post","link":"https:\/\/blogs.diariosur.es\/-que-le-compro-\/2024\/04\/24\/playmobil-mercadillos-malaga-abril-fin\/","title":{"rendered":"Playmobil y otros mercadillos para despedir abril"},"content":{"rendered":"<p>Como dice el refr\u00e1n, &#8216;Lo bueno si breve, dos veces bueno&#8217;.\u00a0 La agenda de mercadillos artesanales de este fin de semana no es tan amplia como otras veces, pero tiene igualmente mucho que ofrecer, y para todos los p\u00fablicos. Por ejemplo, pensando tambi\u00e9n en los peques de la casa, el centro comercial Los Patios, en M\u00e1laga capital, ofrece su mercadillo de <strong>Playmobil<\/strong>, que en esta ocasi\u00f3n tendr\u00e1 como tem\u00e1tica selva-safari, de diez de la ma\u00f1ana a nueve de la noche.<\/p>\n<p>Como suele ser habitual cada \u00faltimo domingo del mes, llega al Centro el <strong>Soho Mercado Urbano<\/strong>. Adem\u00e1s de sus numerosos stands con complementos, moda y decoraci\u00f3n, entre otros, en esta ocasi\u00f3n se podr\u00e1 disfrutar adem\u00e1s del taller de barro de Nekamen Cer\u00e1mica as\u00ed como del de flores secas de Ver de Ra\u00edz. La parcela solidaria estar\u00e1 ocupada por Proyecto Berta, Interm\u00f3n Oxfam y\u00a0Todos los caballos del mundo, asociaci\u00f3n que lleva m\u00e1s de 20 a\u00f1os rescatando caballos y otros animales de situaciones de extremo maltrato y abandono en toda Espa\u00f1a. Todo esto desde las once de la ma\u00f1ana hasta las siete de la tarde en\u00a0la c\u00e9ntrica calle Tom\u00e1s Heredia,\u00a0 en la capital, que podr\u00e1 visitarse de once de la ma\u00f1ana a siete de la tarde, con distintos stands con artesan\u00eda, moda o decoraci\u00f3n.<\/p>\n<div id=\"attachment_6421\" style=\"width: 810px\" class=\"wp-caption aligncenter\"><a href=\"https:\/\/static-blogs.diariosur.es\/wp-content\/uploads\/sites\/19\/2024\/04\/munecos2.jpg\"><img aria-describedby=\"caption-attachment-6421\" loading=\"lazy\" class=\"size-full wp-image-6421\" src=\"https:\/\/static-blogs.diariosur.es\/wp-content\/uploads\/sites\/19\/2024\/04\/munecos2.jpg\" alt=\"\" width=\"800\" height=\"587\" srcset=\"https:\/\/static-blogs.diariosur.es\/wp-content\/uploads\/sites\/19\/2024\/04\/munecos2.jpg 800w, https:\/\/static-blogs.diariosur.es\/wp-content\/uploads\/sites\/19\/2024\/04\/munecos2-300x220.jpg 300w, https:\/\/static-blogs.diariosur.es\/wp-content\/uploads\/sites\/19\/2024\/04\/munecos2-768x564.jpg 768w\" sizes=\"(max-width: 800px) 100vw, 800px\" \/><\/a><p id=\"caption-attachment-6421\" class=\"wp-caption-text\">Artesan\u00eda este domingo en el Soho Mercado Urbano. :: C. M.<\/p><\/div>\n<p>Y ya sab\u00e9is que cada d\u00eda, hasta el 9 de junio, en <strong>Muelle Uno<\/strong> puede visitarse el Mercado de Primavera, abierto de diez de la ma\u00f1ana a diez de la noche.<\/p>\n<p>\u00a1Buen fin de semana!<\/p>\n","protected":false},"excerpt":{"rendered":"<p>Como dice el refr\u00e1n, &#8216;Lo bueno si breve, dos veces bueno&#8217;.\u00a0 La agenda de mercadillos artesanales de este fin de semana no es tan amplia como otras veces, pero tiene igualmente mucho que ofrecer, y para todos los p\u00fablicos. Por ejemplo, pensando tambi\u00e9n en los peques de la casa, el centro comercial Los Patios, en [&hellip;]<\/p>\n","protected":false},"author":24,"featured_media":0,"comment_status":"open","ping_status":"open","sticky":false,"template":"","format":"standard","meta":[],"categories":[2,4,5],"tags":[4430,3994,2359,4398,4525],"_links":{"self":[{"href":"https:\/\/blogs.diariosur.es\/-que-le-compro-\/wp-json\/wp\/v2\/posts\/6420"}],"collection":[{"href":"https:\/\/blogs.diariosur.es\/-que-le-compro-\/wp-json\/wp\/v2\/posts"}],"about":[{"href":"https:\/\/blogs.diariosur.es\/-que-le-compro-\/wp-json\/wp\/v2\/types\/post"}],"author":[{"embeddable":true,"href":"https:\/\/blogs.diariosur.es\/-que-le-compro-\/wp-json\/wp\/v2\/users\/24"}],"replies":[{"embeddable":true,"href":"https:\/\/blogs.diariosur.es\/-que-le-compro-\/wp-json\/wp\/v2\/comments?post=6420"}],"version-history":[{"count":1,"href":"https:\/\/blogs.diariosur.es\/-que-le-compro-\/wp-json\/wp\/v2\/posts\/6420\/revisions"}],"predecessor-version":[{"id":6422,"href":"https:\/\/blogs.diariosur.es\/-que-le-compro-\/wp-json\/wp\/v2\/posts\/6420\/revisions\/6422"}],"wp:attachment":[{"href":"https:\/\/blogs.diariosur.es\/-que-le-compro-\/wp-json\/wp\/v2\/media?parent=6420"}],"wp:term":[{"taxonomy":"category","embeddable":true,"href":"https:\/\/blogs.diariosur.es\/-que-le-compro-\/wp-json\/wp\/v2\/categories?post=6420"},{"taxonomy":"post_tag","embeddable":true,"href":"https:\/\/blogs.diariosur.es\/-que-le-compro-\/wp-json\/wp\/v2\/tags?post=6420"}],"curies":[{"name":"wp","href":"https:\/\/api.w.org\/{rel}","templated":true}]}}