{"id":6424,"date":"2024-05-02T19:07:40","date_gmt":"2024-05-02T17:07:40","guid":{"rendered":"https:\/\/blogs.diariosur.es\/-que-le-compro-\/?p=6424"},"modified":"2024-05-02T19:09:08","modified_gmt":"2024-05-02T17:09:08","slug":"geek-market-malaga-mercadillos-mayo","status":"publish","type":"post","link":"https:\/\/blogs.diariosur.es\/-que-le-compro-\/2024\/05\/02\/geek-market-malaga-mercadillos-mayo\/","title":{"rendered":"Geek Market y m\u00e1s mercadillos para empezar mayo en M\u00e1laga"},"content":{"rendered":"<p>\u00a1Sigue la racha! Este fin de semana tambi\u00e9n habr\u00e1 un estreno en M\u00e1laga. Concretamente, en Antequera, ya que el centro comercial La Ver\u00f3nica inaugura este s\u00e1bado su <strong>Geek Market<\/strong>, con artesan\u00eda, puzzles, c\u00f3mics y comida asi\u00e1tica hasta clicks, juegos de mesa, funkos y otros art\u00edculos &#8216;frikis&#8217; adem\u00e1s de una exposici\u00f3n del universo Star Wars en la planta alta. El horario es de 10 a 21 horas y la entrada es libre.<\/p>\n<p>Este mercadillo se celebrar\u00e1 en paralelo al que tendr\u00e1 lugar de 11 a 21 horas y que recoger\u00e1 alimentos para animales a beneficio de la asociaci\u00f3n protectora de animales Arca del Torcal.<\/p>\n<p>Adem\u00e1s, al ser el primer s\u00e1bado del mes llega el mercado agro-artesanal de\u00a0<strong>Genalguacil<\/strong>, que podr\u00e1 visitarse de doce de la ma\u00f1ana a seis de la tarde. En esta ocasi\u00f3n se podr\u00e1 disfrutar de un espect\u00e1culo de flamenco, a las 13 y las 16 horas y otro de plantas medicinales y comestibles silvestres (12.30 horas) y para los m\u00e1s peques uno de pulseras a la una. Y siguiendo en la provincia, vuelve a Alhaur\u00edn el Grande <strong>La Plaza de los Artesanos,<\/strong> con muchas ideas tambi\u00e9n para regalar a las madres y que estar\u00e1 abierto de\u00a0 diez de la ma\u00f1ana a dos y media de la tarde en la plaza de la Legi\u00f3n.<\/p>\n<div id=\"attachment_6425\" style=\"width: 536px\" class=\"wp-caption aligncenter\"><a href=\"https:\/\/static-blogs.diariosur.es\/wp-content\/uploads\/sites\/19\/2024\/05\/plaza-artesanos.jpg\"><img aria-describedby=\"caption-attachment-6425\" loading=\"lazy\" class=\"size-full wp-image-6425\" src=\"https:\/\/static-blogs.diariosur.es\/wp-content\/uploads\/sites\/19\/2024\/05\/plaza-artesanos.jpg\" alt=\"\" width=\"526\" height=\"526\" srcset=\"https:\/\/static-blogs.diariosur.es\/wp-content\/uploads\/sites\/19\/2024\/05\/plaza-artesanos.jpg 526w, https:\/\/static-blogs.diariosur.es\/wp-content\/uploads\/sites\/19\/2024\/05\/plaza-artesanos-150x150.jpg 150w, https:\/\/static-blogs.diariosur.es\/wp-content\/uploads\/sites\/19\/2024\/05\/plaza-artesanos-300x300.jpg 300w\" sizes=\"(max-width: 526px) 100vw, 526px\" \/><\/a><p id=\"caption-attachment-6425\" class=\"wp-caption-text\">Artesan\u00eda en La Plaza de los Artesanos. :: P. Artesanos<\/p><\/div>\n<p>En la capital, vuelve la cita para los fans de\u00a0<strong>Playmobil<\/strong>\u00a0en el parque comercial M\u00e1laga Nostrum, ya que en el edificio de M\u00e1laga Ocio estar\u00e1 el mercadillo instalado de diez de la ma\u00f1ana a ocho de la tarde y el s\u00e1bado tambi\u00e9n en\u00a0<strong>Plaza Mayor<\/strong>\u00a0se podr\u00e1 disfrutar de una nueva edici\u00f3n del Mercado de las Flores.<\/p>\n<p>Y el domingo, habr\u00e1 Zoco en\u00a0<strong>Muelle Uno<\/strong>\u00a0desde las once de la ma\u00f1ana hasta las seis de la tarde que se celebrar\u00e1 en paralelo al Mercado de Primavera, abierto todos los d\u00edas hasta el 9 de junio de diez de la ma\u00f1ana a diez de la noche.<\/p>\n<p>\u00a1Buen fin de semana!<\/p>\n","protected":false},"excerpt":{"rendered":"<p>\u00a1Sigue la racha! Este fin de semana tambi\u00e9n habr\u00e1 un estreno en M\u00e1laga. Concretamente, en Antequera, ya que el centro comercial La Ver\u00f3nica inaugura este s\u00e1bado su Geek Market, con artesan\u00eda, puzzles, c\u00f3mics y comida asi\u00e1tica hasta clicks, juegos de mesa, funkos y otros art\u00edculos &#8216;frikis&#8217; adem\u00e1s de una exposici\u00f3n del universo Star Wars en [&hellip;]<\/p>\n","protected":false},"author":24,"featured_media":0,"comment_status":"open","ping_status":"open","sticky":false,"template":"","format":"standard","meta":[],"categories":[2,4],"tags":[5025,695,5024,5023,3994,4092,4681,4680,4402,3972],"_links":{"self":[{"href":"https:\/\/blogs.diariosur.es\/-que-le-compro-\/wp-json\/wp\/v2\/posts\/6424"}],"collection":[{"href":"https:\/\/blogs.diariosur.es\/-que-le-compro-\/wp-json\/wp\/v2\/posts"}],"about":[{"href":"https:\/\/blogs.diariosur.es\/-que-le-compro-\/wp-json\/wp\/v2\/types\/post"}],"author":[{"embeddable":true,"href":"https:\/\/blogs.diariosur.es\/-que-le-compro-\/wp-json\/wp\/v2\/users\/24"}],"replies":[{"embeddable":true,"href":"https:\/\/blogs.diariosur.es\/-que-le-compro-\/wp-json\/wp\/v2\/comments?post=6424"}],"version-history":[{"count":2,"href":"https:\/\/blogs.diariosur.es\/-que-le-compro-\/wp-json\/wp\/v2\/posts\/6424\/revisions"}],"predecessor-version":[{"id":6427,"href":"https:\/\/blogs.diariosur.es\/-que-le-compro-\/wp-json\/wp\/v2\/posts\/6424\/revisions\/6427"}],"wp:attachment":[{"href":"https:\/\/blogs.diariosur.es\/-que-le-compro-\/wp-json\/wp\/v2\/media?parent=6424"}],"wp:term":[{"taxonomy":"category","embeddable":true,"href":"https:\/\/blogs.diariosur.es\/-que-le-compro-\/wp-json\/wp\/v2\/categories?post=6424"},{"taxonomy":"post_tag","embeddable":true,"href":"https:\/\/blogs.diariosur.es\/-que-le-compro-\/wp-json\/wp\/v2\/tags?post=6424"}],"curies":[{"name":"wp","href":"https:\/\/api.w.org\/{rel}","templated":true}]}}