{"id":6428,"date":"2024-05-09T16:37:29","date_gmt":"2024-05-09T14:37:29","guid":{"rendered":"https:\/\/blogs.diariosur.es\/-que-le-compro-\/?p=6428"},"modified":"2024-05-09T16:37:29","modified_gmt":"2024-05-09T14:37:29","slug":"mercadillo-cementerio-ingles-malaga-agenda-fin-semana","status":"publish","type":"post","link":"https:\/\/blogs.diariosur.es\/-que-le-compro-\/2024\/05\/09\/mercadillo-cementerio-ingles-malaga-agenda-fin-semana\/","title":{"rendered":"Vuelve el mercadillo del Cementerio Ingl\u00e9s de M\u00e1laga"},"content":{"rendered":"<p>Este segundo fin de semana de mayo nos trae el regreso del mercadillo del <strong>Cementerio Ingl\u00e9s<\/strong>. Ser\u00e1 de once de la ma\u00f1ana a siete de la tarde, tiempo durante el cual los visitantes podr\u00e1n encontrar decoraci\u00f3n vintage, libros de segunda mano, cer\u00e1mica y artesan\u00eda, entre otros art\u00edculos. Los ni\u00f1os entran gratis y los mayores un euro, pero con sorpresa, ya que se podr\u00e1 ganar un abono doble completo para el festival Galaxy Sound, que se celebra el pr\u00f3ximo fin de semana en M\u00e1laga.<\/p>\n<div id=\"attachment_6429\" style=\"width: 810px\" class=\"wp-caption aligncenter\"><a href=\"https:\/\/static-blogs.diariosur.es\/wp-content\/uploads\/sites\/19\/2024\/05\/mercadillo-ingles.jpg\"><img aria-describedby=\"caption-attachment-6429\" loading=\"lazy\" class=\"size-full wp-image-6429\" src=\"https:\/\/static-blogs.diariosur.es\/wp-content\/uploads\/sites\/19\/2024\/05\/mercadillo-ingles.jpg\" alt=\"\" width=\"800\" height=\"492\" srcset=\"https:\/\/static-blogs.diariosur.es\/wp-content\/uploads\/sites\/19\/2024\/05\/mercadillo-ingles.jpg 800w, https:\/\/static-blogs.diariosur.es\/wp-content\/uploads\/sites\/19\/2024\/05\/mercadillo-ingles-300x185.jpg 300w, https:\/\/static-blogs.diariosur.es\/wp-content\/uploads\/sites\/19\/2024\/05\/mercadillo-ingles-768x472.jpg 768w\" sizes=\"(max-width: 800px) 100vw, 800px\" \/><\/a><p id=\"caption-attachment-6429\" class=\"wp-caption-text\">El Mercadillo del Ingl\u00e9s, este s\u00e1bado de 11 a 19 horas.<\/p><\/div>\n<p>Adem\u00e1s, en<strong>\u00a0Muelle Uno<\/strong>\u00a0contin\u00faa el Mercado de Primavera, abierto todos los d\u00edas hasta el 16 de junio de diez de la ma\u00f1ana a diez de la noche y que coincidir\u00e1 parcialmente este domingo con el Zoco, de once de la ma\u00f1ana a seis de la tarde.<\/p>\n<p>En la provincia, dentro de las numerosas celebraciones que se desarrollar\u00e1n este fin de semana, destaca el mercado que habr\u00e1 en <strong>Torre del Mar<\/strong> el domingo con motivo de su\u00a0Mercado de Queso Artesano de Cabra Malague\u00f1a y Vino de la Axarqu\u00eda. O en <strong>Antequera<\/strong>, el mercadillo de dise\u00f1o y gastronom\u00eda que habr\u00e1 en La T\u00e9rmica Village (patio de los caballos de la plaza de toros).<\/p>\n<p>\u00a1Buen fin de semana!<\/p>\n","protected":false},"excerpt":{"rendered":"<p>Este segundo fin de semana de mayo nos trae el regreso del mercadillo del Cementerio Ingl\u00e9s. Ser\u00e1 de once de la ma\u00f1ana a siete de la tarde, tiempo durante el cual los visitantes podr\u00e1n encontrar decoraci\u00f3n vintage, libros de segunda mano, cer\u00e1mica y artesan\u00eda, entre otros art\u00edculos. Los ni\u00f1os entran gratis y los mayores un [&hellip;]<\/p>\n","protected":false},"author":24,"featured_media":0,"comment_status":"open","ping_status":"open","sticky":false,"template":"","format":"standard","meta":[],"categories":[3,4],"tags":[5028,5026,4398,5027,3972],"_links":{"self":[{"href":"https:\/\/blogs.diariosur.es\/-que-le-compro-\/wp-json\/wp\/v2\/posts\/6428"}],"collection":[{"href":"https:\/\/blogs.diariosur.es\/-que-le-compro-\/wp-json\/wp\/v2\/posts"}],"about":[{"href":"https:\/\/blogs.diariosur.es\/-que-le-compro-\/wp-json\/wp\/v2\/types\/post"}],"author":[{"embeddable":true,"href":"https:\/\/blogs.diariosur.es\/-que-le-compro-\/wp-json\/wp\/v2\/users\/24"}],"replies":[{"embeddable":true,"href":"https:\/\/blogs.diariosur.es\/-que-le-compro-\/wp-json\/wp\/v2\/comments?post=6428"}],"version-history":[{"count":1,"href":"https:\/\/blogs.diariosur.es\/-que-le-compro-\/wp-json\/wp\/v2\/posts\/6428\/revisions"}],"predecessor-version":[{"id":6430,"href":"https:\/\/blogs.diariosur.es\/-que-le-compro-\/wp-json\/wp\/v2\/posts\/6428\/revisions\/6430"}],"wp:attachment":[{"href":"https:\/\/blogs.diariosur.es\/-que-le-compro-\/wp-json\/wp\/v2\/media?parent=6428"}],"wp:term":[{"taxonomy":"category","embeddable":true,"href":"https:\/\/blogs.diariosur.es\/-que-le-compro-\/wp-json\/wp\/v2\/categories?post=6428"},{"taxonomy":"post_tag","embeddable":true,"href":"https:\/\/blogs.diariosur.es\/-que-le-compro-\/wp-json\/wp\/v2\/tags?post=6428"}],"curies":[{"name":"wp","href":"https:\/\/api.w.org\/{rel}","templated":true}]}}