{"id":6433,"date":"2024-05-16T17:33:04","date_gmt":"2024-05-16T15:33:04","guid":{"rendered":"https:\/\/blogs.diariosur.es\/-que-le-compro-\/?p=6433"},"modified":"2024-05-16T17:36:44","modified_gmt":"2024-05-16T15:36:44","slug":"mercadillos-malaga-mayo-fin-semana-noche-blanco","status":"publish","type":"post","link":"https:\/\/blogs.diariosur.es\/-que-le-compro-\/2024\/05\/16\/mercadillos-malaga-mayo-fin-semana-noche-blanco\/","title":{"rendered":"Mercadillo en la Noche en Blanco y m\u00e1s citas en M\u00e1laga"},"content":{"rendered":"<p>M\u00e1laga celebra este s\u00e1bado una nueva edici\u00f3n de su Noche en Blanco y s\u00ed, \u00a1habr\u00e1 un mercadillo especial! Se instalar\u00e1 en el centro comercial Rosaleda, que de 12 a 22 horas acoger\u00e1 los trabajos de distintos artesanos locales, y para completar de 19 a 22 horas se podr\u00e1n disfrutar de talleres de creaci\u00f3n de amuletos, pulseras m\u00e1gicas y botes de calma. La organizaci\u00f3n corre a cargo de La Chistera Markets, responsable tambi\u00e9n del Soho Mercado Urbano, entre otros bazares, y se ha bautizado como <strong>&#8216;La magia en tus manos<\/strong>&#8216;.<\/p>\n<div id=\"attachment_6434\" style=\"width: 810px\" class=\"wp-caption aligncenter\"><a href=\"https:\/\/static-blogs.diariosur.es\/wp-content\/uploads\/sites\/19\/2024\/05\/friki-market.jpg\"><img aria-describedby=\"caption-attachment-6434\" loading=\"lazy\" class=\"size-full wp-image-6434\" src=\"https:\/\/static-blogs.diariosur.es\/wp-content\/uploads\/sites\/19\/2024\/05\/friki-market.jpg\" alt=\"\" width=\"800\" height=\"589\" srcset=\"https:\/\/static-blogs.diariosur.es\/wp-content\/uploads\/sites\/19\/2024\/05\/friki-market.jpg 800w, https:\/\/static-blogs.diariosur.es\/wp-content\/uploads\/sites\/19\/2024\/05\/friki-market-300x221.jpg 300w, https:\/\/static-blogs.diariosur.es\/wp-content\/uploads\/sites\/19\/2024\/05\/friki-market-768x565.jpg 768w\" sizes=\"(max-width: 800px) 100vw, 800px\" \/><\/a><p id=\"caption-attachment-6434\" class=\"wp-caption-text\">Friki Market, este s\u00e1bado en M\u00e1laga Ocio<\/p><\/div>\n<p>Adem\u00e1s, el s\u00e1bado tambi\u00e9n habr\u00e1 una nueva edici\u00f3n del <strong>Friki Market<\/strong> que se desarrolla cada mes en el edificio M\u00e1laga Ocio, en el parque comercial M\u00e1laga Nostrum, que ser\u00e1 de 12 a 22 horas y que ofrecer art\u00edculo de merchandising, juegos y art\u00edculos varios de pel\u00edculas, series y videojuegos. En esta ocasi\u00f3n anuncian adem\u00e1s sorpresas con motivo del d\u00eda del Orgullo Friki, que se celebrar\u00e1 el pr\u00f3ximo s\u00e1bado 25.<\/p>\n<p>Y os recuerdo que en\u00a0<strong>\u00a0Muelle Uno<\/strong>\u00a0contin\u00faa el Mercado de Primavera, abierto todos los d\u00edas hasta el 16 de junio de diez de la ma\u00f1ana a diez de la noche.<\/p>\n<p>\u00a1Buen fin de semana!<\/p>\n","protected":false},"excerpt":{"rendered":"<p>M\u00e1laga celebra este s\u00e1bado una nueva edici\u00f3n de su Noche en Blanco y s\u00ed, \u00a1habr\u00e1 un mercadillo especial! Se instalar\u00e1 en el centro comercial Rosaleda, que de 12 a 22 horas acoger\u00e1 los trabajos de distintos artesanos locales, y para completar de 19 a 22 horas se podr\u00e1n disfrutar de talleres de creaci\u00f3n de amuletos, [&hellip;]<\/p>\n","protected":false},"author":24,"featured_media":0,"comment_status":"open","ping_status":"open","sticky":false,"template":"","format":"standard","meta":[],"categories":[2,4,5],"tags":[703,4709,1863,5029,2058,2059,5030,4783],"_links":{"self":[{"href":"https:\/\/blogs.diariosur.es\/-que-le-compro-\/wp-json\/wp\/v2\/posts\/6433"}],"collection":[{"href":"https:\/\/blogs.diariosur.es\/-que-le-compro-\/wp-json\/wp\/v2\/posts"}],"about":[{"href":"https:\/\/blogs.diariosur.es\/-que-le-compro-\/wp-json\/wp\/v2\/types\/post"}],"author":[{"embeddable":true,"href":"https:\/\/blogs.diariosur.es\/-que-le-compro-\/wp-json\/wp\/v2\/users\/24"}],"replies":[{"embeddable":true,"href":"https:\/\/blogs.diariosur.es\/-que-le-compro-\/wp-json\/wp\/v2\/comments?post=6433"}],"version-history":[{"count":5,"href":"https:\/\/blogs.diariosur.es\/-que-le-compro-\/wp-json\/wp\/v2\/posts\/6433\/revisions"}],"predecessor-version":[{"id":6439,"href":"https:\/\/blogs.diariosur.es\/-que-le-compro-\/wp-json\/wp\/v2\/posts\/6433\/revisions\/6439"}],"wp:attachment":[{"href":"https:\/\/blogs.diariosur.es\/-que-le-compro-\/wp-json\/wp\/v2\/media?parent=6433"}],"wp:term":[{"taxonomy":"category","embeddable":true,"href":"https:\/\/blogs.diariosur.es\/-que-le-compro-\/wp-json\/wp\/v2\/categories?post=6433"},{"taxonomy":"post_tag","embeddable":true,"href":"https:\/\/blogs.diariosur.es\/-que-le-compro-\/wp-json\/wp\/v2\/tags?post=6433"}],"curies":[{"name":"wp","href":"https:\/\/api.w.org\/{rel}","templated":true}]}}