{"id":6441,"date":"2024-05-23T19:50:47","date_gmt":"2024-05-23T17:50:47","guid":{"rendered":"https:\/\/blogs.diariosur.es\/-que-le-compro-\/?p=6441"},"modified":"2024-05-23T19:50:47","modified_gmt":"2024-05-23T17:50:47","slug":"mercadillo-friki-portovelis-soho-malaga","status":"publish","type":"post","link":"https:\/\/blogs.diariosur.es\/-que-le-compro-\/2024\/05\/23\/mercadillo-friki-portovelis-soho-malaga\/","title":{"rendered":"Geek Market, Portovelis y Soho Mercado Urbano en M\u00e1laga"},"content":{"rendered":"<p>Este s\u00e1bado, 25 de mayo, es el d\u00eda del orgullo friki, y para celebrarlo en el centro comercial Los Patios organizan el <strong>Geek Market<\/strong>,\u00a0que ofrecer\u00e1 artesan\u00eda, puzzles o c\u00f3mics adem\u00e1s de juegos de mesa, Playmobil o comida asi\u00e1tica. Ser\u00e1 de 11 a 21 horas, con entrada libre.<\/p>\n<div id=\"attachment_6442\" style=\"width: 1022px\" class=\"wp-caption aligncenter\"><a href=\"https:\/\/static-blogs.diariosur.es\/wp-content\/uploads\/sites\/19\/2024\/05\/cuadros2.jpg\"><img aria-describedby=\"caption-attachment-6442\" loading=\"lazy\" class=\"size-full wp-image-6442\" src=\"https:\/\/static-blogs.diariosur.es\/wp-content\/uploads\/sites\/19\/2024\/05\/cuadros2.jpg\" alt=\"\" width=\"1012\" height=\"830\" srcset=\"https:\/\/static-blogs.diariosur.es\/wp-content\/uploads\/sites\/19\/2024\/05\/cuadros2.jpg 1012w, https:\/\/static-blogs.diariosur.es\/wp-content\/uploads\/sites\/19\/2024\/05\/cuadros2-300x246.jpg 300w, https:\/\/static-blogs.diariosur.es\/wp-content\/uploads\/sites\/19\/2024\/05\/cuadros2-768x630.jpg 768w\" sizes=\"(max-width: 1012px) 100vw, 1012px\" \/><\/a><p id=\"caption-attachment-6442\" class=\"wp-caption-text\">Artesan\u00eda en el Soho Mercado Urbano. :: Ch. M.<\/p><\/div>\n<p>El domingo, vuelve la edici\u00f3n mensual del <strong>Soho Mercado Urbano<\/strong>, que se celebrar\u00e1 como es habitual en la c\u00e9ntrica calle Tom\u00e1s Heredia y ser\u00e1 de once de la ma\u00f1ana a siete de la tarde. Adem\u00e1s de los numerosos expositores con decoraci\u00f3n, artesan\u00eda y complementos, entre otros, se podr\u00e1 de un taller de barro a cargo de Nekamen Cer\u00e1mica y otro de flores secas por parte de de Ver de Ra\u00edz. La parcela solidaria estar\u00e1 ocupada por Proyecto Berta, Interm\u00f3n Oxfam y\u00a0Todos los caballos del mundo.<\/p>\n<p>En V\u00e9lez-M\u00e1laga ser\u00e1 la segunda edici\u00f3n del mercado <a href=\"https:\/\/www.diariosur.es\/axarquia\/artistas-suman-segunda-edicion-mercado-portovelis-velezmalaga-20240523150024-nt.html\" rel=\"external nofollow\">Portovelis<\/a>, que tomar\u00e1 el Mercado San Francisco desde las diez de la ma\u00f1ana y que ofrecer\u00e1 adem\u00e1s m\u00fasica y actividades para ni\u00f1os.<\/p>\n<p>\u00a1Buen fin de semana!<\/p>\n","protected":false},"excerpt":{"rendered":"<p>Este s\u00e1bado, 25 de mayo, es el d\u00eda del orgullo friki, y para celebrarlo en el centro comercial Los Patios organizan el Geek Market,\u00a0que ofrecer\u00e1 artesan\u00eda, puzzles o c\u00f3mics adem\u00e1s de juegos de mesa, Playmobil o comida asi\u00e1tica. Ser\u00e1 de 11 a 21 horas, con entrada libre. El domingo, vuelve la edici\u00f3n mensual del Soho [&hellip;]<\/p>\n","protected":false},"author":24,"featured_media":0,"comment_status":"open","ping_status":"open","sticky":false,"template":"","format":"standard","meta":[],"categories":[2,3,4],"tags":[4430,5024,5032,5022,4951,4525,5031],"_links":{"self":[{"href":"https:\/\/blogs.diariosur.es\/-que-le-compro-\/wp-json\/wp\/v2\/posts\/6441"}],"collection":[{"href":"https:\/\/blogs.diariosur.es\/-que-le-compro-\/wp-json\/wp\/v2\/posts"}],"about":[{"href":"https:\/\/blogs.diariosur.es\/-que-le-compro-\/wp-json\/wp\/v2\/types\/post"}],"author":[{"embeddable":true,"href":"https:\/\/blogs.diariosur.es\/-que-le-compro-\/wp-json\/wp\/v2\/users\/24"}],"replies":[{"embeddable":true,"href":"https:\/\/blogs.diariosur.es\/-que-le-compro-\/wp-json\/wp\/v2\/comments?post=6441"}],"version-history":[{"count":1,"href":"https:\/\/blogs.diariosur.es\/-que-le-compro-\/wp-json\/wp\/v2\/posts\/6441\/revisions"}],"predecessor-version":[{"id":6443,"href":"https:\/\/blogs.diariosur.es\/-que-le-compro-\/wp-json\/wp\/v2\/posts\/6441\/revisions\/6443"}],"wp:attachment":[{"href":"https:\/\/blogs.diariosur.es\/-que-le-compro-\/wp-json\/wp\/v2\/media?parent=6441"}],"wp:term":[{"taxonomy":"category","embeddable":true,"href":"https:\/\/blogs.diariosur.es\/-que-le-compro-\/wp-json\/wp\/v2\/categories?post=6441"},{"taxonomy":"post_tag","embeddable":true,"href":"https:\/\/blogs.diariosur.es\/-que-le-compro-\/wp-json\/wp\/v2\/tags?post=6441"}],"curies":[{"name":"wp","href":"https:\/\/api.w.org\/{rel}","templated":true}]}}