{"id":6444,"date":"2024-05-30T21:16:28","date_gmt":"2024-05-30T19:16:28","guid":{"rendered":"https:\/\/blogs.diariosur.es\/-que-le-compro-\/?p=6444"},"modified":"2024-05-31T20:51:03","modified_gmt":"2024-05-31T18:51:03","slug":"mercadillos-junio-malaga-fin-semana","status":"publish","type":"post","link":"https:\/\/blogs.diariosur.es\/-que-le-compro-\/2024\/05\/30\/mercadillos-junio-malaga-fin-semana\/","title":{"rendered":"Mercadillo en la Protectora, Playmobil y m\u00e1s en M\u00e1laga"},"content":{"rendered":"<p>El primer fin de semana del mes llega a tope de citas con la artesan\u00eda en M\u00e1laga. As\u00ed que toma nota, que este arranque de junio ofrece mucho para elegir. Para empezar, un estreno: la pop up que se instalar\u00e1 en <strong>McArthurGlen Outlet M\u00e1laga<\/strong> del viernes al domingo. Tras el convenio suscrito con la Diputaci\u00f3n,\u00a0\u00c1lvaro Calafat, Julieta Brand, Shamat, Bumpers, Mi Peque\u00f1a Nubecita, Ildhorit, Vera\u00a0Blonde, Sam Newman Clothing y Bold Womban contar\u00e1n con un espacio propio en la plaza central de este centro comercial del viernes al domingo para exhibir y poner a la venta sus prendas.<\/p>\n<p>Por su parte, el s\u00e1bado llega al M\u00e1laga Ocio, en el parque comercial M\u00e1laga Nostrum, la cita mensual para los aficionados a los <strong>Playmobil,<\/strong> que ser\u00e1 de diez de la ma\u00f1ana a ocho de la tarde.<\/p>\n<p>Otro cl\u00e1sico del primer s\u00e1bado del mes se celebra en Plaza Mayor, que vuelve a organizar su Mercado de las Flores. y el mercado agro-artesanal de\u00a0<strong>Genalguacil<\/strong>, que podr\u00e1 visitarse de doce de la ma\u00f1ana a seis de la tarde.\u00a0 Y siguiendo en la provincia, vuelve a Alhaur\u00edn el Grande\u00a0<strong>La Plaza de los Artesanos,<\/strong>\u00a0con muchas ideas tambi\u00e9n para regalar a las madres y que estar\u00e1 abierto siete de la tarde a once de la noche en la plaza de la Legi\u00f3n.<\/p>\n<p>Y el domingo, habr\u00e1 un mercadillo vintage en la <strong>Protectora de Animales<\/strong> (calle camino de las Erizas 4) a partir de las once de la ma\u00f1ana, entre las actividades de su jornada de puertas abiertas, y para completar tambi\u00e9n se podr\u00e1 disfrutar del Zoco en <strong>Muelle Uno<\/strong> de doce de la ma\u00f1ana a siete de la tarde que se celebrar\u00e1 en paralelo al Mercado de Primavera, que permanecer\u00e1 abierto diariamente hasta el pr\u00f3ximo 16 de junio de diez de la ma\u00f1ana a diez de la noche.<\/p>\n<div id=\"attachment_6445\" style=\"width: 810px\" class=\"wp-caption aligncenter\"><a href=\"https:\/\/static-blogs.diariosur.es\/wp-content\/uploads\/sites\/19\/2024\/05\/mercado-primavera2.jpg\"><img aria-describedby=\"caption-attachment-6445\" loading=\"lazy\" class=\"size-full wp-image-6445\" src=\"https:\/\/static-blogs.diariosur.es\/wp-content\/uploads\/sites\/19\/2024\/05\/mercado-primavera2.jpg\" alt=\"\" width=\"800\" height=\"548\" srcset=\"https:\/\/static-blogs.diariosur.es\/wp-content\/uploads\/sites\/19\/2024\/05\/mercado-primavera2.jpg 800w, https:\/\/static-blogs.diariosur.es\/wp-content\/uploads\/sites\/19\/2024\/05\/mercado-primavera2-300x206.jpg 300w, https:\/\/static-blogs.diariosur.es\/wp-content\/uploads\/sites\/19\/2024\/05\/mercado-primavera2-768x526.jpg 768w\" sizes=\"(max-width: 800px) 100vw, 800px\" \/><\/a><p id=\"caption-attachment-6445\" class=\"wp-caption-text\">Artesan\u00eda en el Mercado de Primavera. :: Muelle Uno<\/p><\/div>\n<p>Y ya desde este domingo las tiendas abren durante todos los d\u00edas del verano. \u00a1Buen fin de semana!<\/p>\n","protected":false},"excerpt":{"rendered":"<p>El primer fin de semana del mes llega a tope de citas con la artesan\u00eda en M\u00e1laga. As\u00ed que toma nota, que este arranque de junio ofrece mucho para elegir. Para empezar, un estreno: la pop up que se instalar\u00e1 en McArthurGlen Outlet M\u00e1laga del viernes al domingo. Tras el convenio suscrito con la Diputaci\u00f3n,\u00a0\u00c1lvaro [&hellip;]<\/p>\n","protected":false},"author":24,"featured_media":0,"comment_status":"open","ping_status":"open","sticky":false,"template":"","format":"standard","meta":[],"categories":[2,3,4,5],"tags":[5023,5034,3994,4674,5033,4398,5035,3972],"_links":{"self":[{"href":"https:\/\/blogs.diariosur.es\/-que-le-compro-\/wp-json\/wp\/v2\/posts\/6444"}],"collection":[{"href":"https:\/\/blogs.diariosur.es\/-que-le-compro-\/wp-json\/wp\/v2\/posts"}],"about":[{"href":"https:\/\/blogs.diariosur.es\/-que-le-compro-\/wp-json\/wp\/v2\/types\/post"}],"author":[{"embeddable":true,"href":"https:\/\/blogs.diariosur.es\/-que-le-compro-\/wp-json\/wp\/v2\/users\/24"}],"replies":[{"embeddable":true,"href":"https:\/\/blogs.diariosur.es\/-que-le-compro-\/wp-json\/wp\/v2\/comments?post=6444"}],"version-history":[{"count":4,"href":"https:\/\/blogs.diariosur.es\/-que-le-compro-\/wp-json\/wp\/v2\/posts\/6444\/revisions"}],"predecessor-version":[{"id":6451,"href":"https:\/\/blogs.diariosur.es\/-que-le-compro-\/wp-json\/wp\/v2\/posts\/6444\/revisions\/6451"}],"wp:attachment":[{"href":"https:\/\/blogs.diariosur.es\/-que-le-compro-\/wp-json\/wp\/v2\/media?parent=6444"}],"wp:term":[{"taxonomy":"category","embeddable":true,"href":"https:\/\/blogs.diariosur.es\/-que-le-compro-\/wp-json\/wp\/v2\/categories?post=6444"},{"taxonomy":"post_tag","embeddable":true,"href":"https:\/\/blogs.diariosur.es\/-que-le-compro-\/wp-json\/wp\/v2\/tags?post=6444"}],"curies":[{"name":"wp","href":"https:\/\/api.w.org\/{rel}","templated":true}]}}