{"id":6452,"date":"2024-06-07T13:11:32","date_gmt":"2024-06-07T11:11:32","guid":{"rendered":"https:\/\/blogs.diariosur.es\/-que-le-compro-\/?p=6452"},"modified":"2024-06-07T13:11:48","modified_gmt":"2024-06-07T11:11:48","slug":"mercado-romantico-ronda-fin-semana-malaga","status":"publish","type":"post","link":"https:\/\/blogs.diariosur.es\/-que-le-compro-\/2024\/06\/07\/mercado-romantico-ronda-fin-semana-malaga\/","title":{"rendered":"Mercado Rom\u00e1ntico y m\u00e1s en M\u00e1laga este finde"},"content":{"rendered":"<p>La agenda de mercadillos de este fin de semana se pone rom\u00e1ntica. Y es que la ciudad del Tajo acoge una nueva edici\u00f3n de su popular recreaci\u00f3n hist\u00f3rica de personajes de finales del siglo XIX que se llama as\u00ed, <strong>Ronda<\/strong> Rom\u00e1ntica. Entre otras actividades, destaca su gran mercado, que\u00a0contar\u00e1 con una feria de Sabor a M\u00e1laga en la plaza Ruedo de Alameda. Adem\u00e1s, los asistentes podr\u00e1n encontrar hasta un centenar de estancias dedicadas a la venta de artesan\u00eda relacionadas con la fiesta y espacios dedicados a la restauraci\u00f3n en esta misma plaza as\u00ed como en la plaza Duquesa de Parcent, Pedro P\u00e9rez-Clotet y la Puerta del Almoc\u00e1bar, adem\u00e1s de en el Atrio de la Virgen de Gracia.<\/p>\n<div id=\"attachment_6455\" style=\"width: 1034px\" class=\"wp-caption aligncenter\"><a href=\"https:\/\/static-blogs.diariosur.es\/wp-content\/uploads\/sites\/19\/2024\/06\/ronda-mercado2.jpg\"><img aria-describedby=\"caption-attachment-6455\" loading=\"lazy\" class=\"size-large wp-image-6455\" src=\"https:\/\/static-blogs.diariosur.es\/wp-content\/uploads\/sites\/19\/2024\/06\/ronda-mercado2-1024x717.jpg\" alt=\"\" width=\"1024\" height=\"717\" srcset=\"https:\/\/static-blogs.diariosur.es\/wp-content\/uploads\/sites\/19\/2024\/06\/ronda-mercado2-1024x717.jpg 1024w, https:\/\/static-blogs.diariosur.es\/wp-content\/uploads\/sites\/19\/2024\/06\/ronda-mercado2-300x210.jpg 300w, https:\/\/static-blogs.diariosur.es\/wp-content\/uploads\/sites\/19\/2024\/06\/ronda-mercado2-768x538.jpg 768w, https:\/\/static-blogs.diariosur.es\/wp-content\/uploads\/sites\/19\/2024\/06\/ronda-mercado2.jpg 1200w\" sizes=\"(max-width: 1024px) 100vw, 1024px\" \/><\/a><p id=\"caption-attachment-6455\" class=\"wp-caption-text\">El Mercado destaca entre las actividades de Ronda Rom\u00e1ntica. :: Ayto. Ronda<\/p><\/div>\n<p>El s\u00e1bado, despu\u00e9s de un par\u00e9ntesis la Asociaci\u00f3n de artesanos y artesanas de <strong>Torremolinos<\/strong> Atenea regresa con sus mercadillos artesanales este s\u00e1bado. La cita ser\u00e1 de 17.30 a 22.30 horas en la avenida Palma de Mallorca.<\/p>\n<p>Adem\u00e1s, en<strong>\u00a0Muelle Uno<\/strong>\u00a0contin\u00faa el Mercado de Primavera, abierto todos los d\u00edas hasta el 16 de junio de diez de la ma\u00f1ana a diez de la noche y que coincidir\u00e1 parcialmente este domingo con el Zoco, de once de la ma\u00f1ana a seis de la tarde.<\/p>\n<p>\u00a1Buen fin de semana!<\/p>\n<p>&nbsp;<\/p>\n","protected":false},"excerpt":{"rendered":"<p>La agenda de mercadillos de este fin de semana se pone rom\u00e1ntica. Y es que la ciudad del Tajo acoge una nueva edici\u00f3n de su popular recreaci\u00f3n hist\u00f3rica de personajes de finales del siglo XIX que se llama as\u00ed, Ronda Rom\u00e1ntica. Entre otras actividades, destaca su gran mercado, que\u00a0contar\u00e1 con una feria de Sabor a [&hellip;]<\/p>\n","protected":false},"author":24,"featured_media":0,"comment_status":"open","ping_status":"open","sticky":false,"template":"","format":"standard","meta":[],"categories":[3,4],"tags":[4631,2359,5037,5036,3972],"_links":{"self":[{"href":"https:\/\/blogs.diariosur.es\/-que-le-compro-\/wp-json\/wp\/v2\/posts\/6452"}],"collection":[{"href":"https:\/\/blogs.diariosur.es\/-que-le-compro-\/wp-json\/wp\/v2\/posts"}],"about":[{"href":"https:\/\/blogs.diariosur.es\/-que-le-compro-\/wp-json\/wp\/v2\/types\/post"}],"author":[{"embeddable":true,"href":"https:\/\/blogs.diariosur.es\/-que-le-compro-\/wp-json\/wp\/v2\/users\/24"}],"replies":[{"embeddable":true,"href":"https:\/\/blogs.diariosur.es\/-que-le-compro-\/wp-json\/wp\/v2\/comments?post=6452"}],"version-history":[{"count":1,"href":"https:\/\/blogs.diariosur.es\/-que-le-compro-\/wp-json\/wp\/v2\/posts\/6452\/revisions"}],"predecessor-version":[{"id":6456,"href":"https:\/\/blogs.diariosur.es\/-que-le-compro-\/wp-json\/wp\/v2\/posts\/6452\/revisions\/6456"}],"wp:attachment":[{"href":"https:\/\/blogs.diariosur.es\/-que-le-compro-\/wp-json\/wp\/v2\/media?parent=6452"}],"wp:term":[{"taxonomy":"category","embeddable":true,"href":"https:\/\/blogs.diariosur.es\/-que-le-compro-\/wp-json\/wp\/v2\/categories?post=6452"},{"taxonomy":"post_tag","embeddable":true,"href":"https:\/\/blogs.diariosur.es\/-que-le-compro-\/wp-json\/wp\/v2\/tags?post=6452"}],"curies":[{"name":"wp","href":"https:\/\/api.w.org\/{rel}","templated":true}]}}