{"id":654,"date":"2011-11-13T18:48:04","date_gmt":"2011-11-13T17:48:04","guid":{"rendered":"http:\/\/blogs.diariosur.es\/-que-le-compro-\/?p=654"},"modified":"2011-11-13T18:48:04","modified_gmt":"2011-11-13T17:48:04","slug":"el-i-salon-de-moda-de-creadores-freelance-de-malaga-reune-a-tiendas-y-disenadores-de-toda-espana","status":"publish","type":"post","link":"https:\/\/blogs.diariosur.es\/-que-le-compro-\/2011\/11\/13\/el-i-salon-de-moda-de-creadores-freelance-de-malaga-reune-a-tiendas-y-disenadores-de-toda-espana\/","title":{"rendered":"El I Sal\u00f3n de Moda de creadores freelance de M\u00e1laga re\u00fane a tiendas y dise\u00f1adores de toda Espa\u00f1a"},"content":{"rendered":"<p>&nbsp;<\/p>\n<p><strong>La Caja Blanca<\/strong> ser\u00e1 el escenario del primer Sal\u00f3n de Dise\u00f1o de Moda de Creadores Freelance en M\u00e1laga, que se celebrar\u00e1 los pr\u00f3ximos d\u00edas <strong>25, 26 y 27 de noviembre<\/strong>. Una treintena de dise\u00f1adores y firmas participar\u00e1n en esta cita, en la que habr\u00e1 representaci\u00f3n malague\u00f1a (como por ejemplo con la tienda Rec\u00edcla-T M\u00e1laga, que acaba de mudarse a Galer\u00edas Goya) y en la que tambi\u00e9n participar\u00e1n dise\u00f1adores de Madrid, Barcelona, C\u00f3rdoba, Murcia y Granada.<\/p>\n<p>Entre otros, estar\u00e1n \u00c1ngeles Lorca, \u00c1ngeles Borrallo, Antonio Segura P\u00e9rez, Mar\u00eda del Carmen Carmona S\u00e1nchez, Carmesine (Blauvent by Carmesine), Elena, Charo y Luc\u00eda Marmolejo Jim\u00e9nez, de la marca Boliche, Isuma Barcelona, de Isaura Calmet Colillas, Laia Planas Sardans, Mar\u00eda Jos\u00e9 Reinares, de la marca Regaliz, Mar\u00eda Tovar Anaya, Ruth Vilda de Luna maga y Salud Torre Romero.<\/p>\n<p>La iniciativa, que cuenta con el patrocinio de La Caja Blanca y el \u00c1rea de Juventud del Ayuntamiento, nace con el deseo de abrir una puerta a los dise\u00f1adores freelance para que expongan creaciones y ofrecerles as\u00ed la oportunidad de darse a conocer.<\/p>\n<p>La entrada para todo aquel que quiera asistir a este sal\u00f3n, organizado por March\u00e9 du Desing (Dise\u00f1o Freelance), Milenio XXI y Buscando tendencias, cuesta <strong>un euro<\/strong>, aunque se pueden adquirir bonos para los tres d\u00edas por solo dos euros.<\/p>\n<h3>Primer sal\u00f3n de dise\u00f1o freelance en M\u00e1laga<\/h3>\n<p><em><del>D\u00f3nde<\/del>:<\/em> La Caja Blanca. Avda. Editor \u00c1ngel Caffarena, 8 (Teatinos)<br \/>\n<em><del>Cu\u00e1ndo<\/del>:<\/em> viernes 25, s\u00e1bado 26 y domingo 27 de noviembre. El s\u00e1bado a las siete de la tarde habr\u00e1 un desfile.<br \/>\n<del><em>Horarios<\/em>:<\/del> viernes 25, de 16.00 a 21.30 horas. S\u00e1bado 26, de 11.00 a 14.00 horas y de 16.00 a 21.30 horas\u00a0 y el domingo 27 de 11.00 a 17.00 horas.<\/p>\n<p>Estos son algunos de los dise\u00f1os de los creadores que participar\u00e1n en esta novedosa cita de la moda:<\/p>\n<p>&nbsp;<\/p>\n<p><a href=\"\/-que-le-compro-\/wp-content\/uploads\/sites\/19\/2011\/11\/disenadores-freelance3.jpg\"><img loading=\"lazy\" class=\"aligncenter size-full wp-image-657\" title=\"disenadores-freelance3\" src=\"\/-que-le-compro-\/wp-content\/uploads\/sites\/19\/2011\/11\/disenadores-freelance3.jpg\" alt=\"\" width=\"300\" height=\"400\" srcset=\"https:\/\/static-blogs.diariosur.es\/wp-content\/uploads\/sites\/19\/2011\/11\/disenadores-freelance3.jpg 300w, https:\/\/static-blogs.diariosur.es\/wp-content\/uploads\/sites\/19\/2011\/11\/disenadores-freelance3-225x300.jpg 225w\" sizes=\"(max-width: 300px) 100vw, 300px\" \/><\/a><\/p>\n<p><a href=\"\/-que-le-compro-\/wp-content\/uploads\/sites\/19\/2011\/11\/disenadores-freelance1.jpg\"><img loading=\"lazy\" class=\"aligncenter size-full wp-image-655\" title=\"disenadores-freelance1\" src=\"\/-que-le-compro-\/wp-content\/uploads\/sites\/19\/2011\/11\/disenadores-freelance1.jpg\" alt=\"\" width=\"300\" height=\"300\" srcset=\"https:\/\/static-blogs.diariosur.es\/wp-content\/uploads\/sites\/19\/2011\/11\/disenadores-freelance1.jpg 300w, https:\/\/static-blogs.diariosur.es\/wp-content\/uploads\/sites\/19\/2011\/11\/disenadores-freelance1-150x150.jpg 150w\" sizes=\"(max-width: 300px) 100vw, 300px\" \/><\/a><\/p>\n<p><a href=\"\/-que-le-compro-\/wp-content\/uploads\/sites\/19\/2011\/11\/disenadores-freelance2.jpg\"><img loading=\"lazy\" class=\"aligncenter size-full wp-image-656\" title=\"disenadores-freelance2\" src=\"\/-que-le-compro-\/wp-content\/uploads\/sites\/19\/2011\/11\/disenadores-freelance2.jpg\" alt=\"\" width=\"300\" height=\"300\" srcset=\"https:\/\/static-blogs.diariosur.es\/wp-content\/uploads\/sites\/19\/2011\/11\/disenadores-freelance2.jpg 300w, https:\/\/static-blogs.diariosur.es\/wp-content\/uploads\/sites\/19\/2011\/11\/disenadores-freelance2-150x150.jpg 150w\" sizes=\"(max-width: 300px) 100vw, 300px\" \/><\/a><\/p>\n<p>&nbsp;<\/p>\n<p>&nbsp;<\/p>\n<p>\u00bfQu\u00e9 os parecen este tipo de iniciativas? Originales y positivas ante todo, \u00bfverdad?\u00a0 \u00a1Felicidades y suerte!!<\/p>\n","protected":false},"excerpt":{"rendered":"<p>&nbsp; La Caja Blanca ser\u00e1 el escenario del primer Sal\u00f3n de Dise\u00f1o de Moda de Creadores Freelance en M\u00e1laga, que se celebrar\u00e1 los pr\u00f3ximos d\u00edas 25, 26 y 27 de noviembre. Una treintena de dise\u00f1adores y firmas participar\u00e1n en esta cita, en la que habr\u00e1 representaci\u00f3n malague\u00f1a (como por ejemplo con la tienda Rec\u00edcla-T M\u00e1laga, [&hellip;]<\/p>\n","protected":false},"author":24,"featured_media":0,"comment_status":"open","ping_status":"closed","sticky":false,"template":"","format":"standard","meta":[],"categories":[6,7],"tags":[1133,1779,1846,2111,2501,3019,3156,3297],"_links":{"self":[{"href":"https:\/\/blogs.diariosur.es\/-que-le-compro-\/wp-json\/wp\/v2\/posts\/654"}],"collection":[{"href":"https:\/\/blogs.diariosur.es\/-que-le-compro-\/wp-json\/wp\/v2\/posts"}],"about":[{"href":"https:\/\/blogs.diariosur.es\/-que-le-compro-\/wp-json\/wp\/v2\/types\/post"}],"author":[{"embeddable":true,"href":"https:\/\/blogs.diariosur.es\/-que-le-compro-\/wp-json\/wp\/v2\/users\/24"}],"replies":[{"embeddable":true,"href":"https:\/\/blogs.diariosur.es\/-que-le-compro-\/wp-json\/wp\/v2\/comments?post=654"}],"version-history":[{"count":0,"href":"https:\/\/blogs.diariosur.es\/-que-le-compro-\/wp-json\/wp\/v2\/posts\/654\/revisions"}],"wp:attachment":[{"href":"https:\/\/blogs.diariosur.es\/-que-le-compro-\/wp-json\/wp\/v2\/media?parent=654"}],"wp:term":[{"taxonomy":"category","embeddable":true,"href":"https:\/\/blogs.diariosur.es\/-que-le-compro-\/wp-json\/wp\/v2\/categories?post=654"},{"taxonomy":"post_tag","embeddable":true,"href":"https:\/\/blogs.diariosur.es\/-que-le-compro-\/wp-json\/wp\/v2\/tags?post=654"}],"curies":[{"name":"wp","href":"https:\/\/api.w.org\/{rel}","templated":true}]}}