{"id":670,"date":"2011-11-18T18:22:58","date_gmt":"2011-11-18T17:22:58","guid":{"rendered":"http:\/\/blogs.diariosur.es\/-que-le-compro-\/?p=670"},"modified":"2011-11-18T18:22:58","modified_gmt":"2011-11-18T17:22:58","slug":"hm-abrira-su-cuarta-tienda-en-malaga-en-el-edificio-de-felix-saenz","status":"publish","type":"post","link":"https:\/\/blogs.diariosur.es\/-que-le-compro-\/2011\/11\/18\/hm-abrira-su-cuarta-tienda-en-malaga-en-el-edificio-de-felix-saenz\/","title":{"rendered":"H&#038;M abrir\u00e1 su cuarta tienda en M\u00e1laga en el edificio de F\u00e9lix S\u00e1enz"},"content":{"rendered":"<p>El hist\u00f3rico edificio de F\u00e9lix S\u00e1enz volver\u00e1 a abrir sus puertas antes de que acabe este a\u00f1o. Pero no lo har\u00e1 como los grandes almacenes que en su d\u00eda ocuparon este inmueble de calle San Juan, en pleno Centro Hist\u00f3rico. Sino que ahora albergar\u00e1 52 viviendas de lujo y una gran tienda de H&#038;M. Ser\u00e1 el cuarto local de esta firma en M\u00e1laga, que tiene sedes en el centro comercial Vialia-Estaci\u00f3n Mar\u00eda Zambrano, en la capital, otro en Marbella (centro comercial La Ca\u00f1ada y el \u00faltimo en inaugurarse hasta ahora, en Fuengirola (centro comercial Parque Miramar).<\/p>\n<p>El \u2018nuevo\u2019 F\u00e9lix S\u00e1enz, cuyas obras han costado 10 millones,\u00a0 albergar\u00e1\u00a0 52 viviendas de lujo distribuidas entre sus plantas segunda y quinta, un aparcamiento subterr\u00e1neo de dos niveles y la tienda de H&#038;M. La marca sueca convertir\u00e1 esta tienda en una de las m\u00e1s importantes de Andaluc\u00eda, ya que tendr\u00e1 1.900 metros cuadrados de superficie \u00fatil y 106 metros de fachada.<\/p>\n<p>Seg\u00fan se publica hoy en el diario SUR, la firma textil pretende realizar una actuaci\u00f3n \u00abmuy especial\u00bb en su nuevo comercio, que sea acorde con el nivel arquitect\u00f3nico del edificio, de estilo modernista mediterr\u00e1neo. Para leer la informaci\u00f3n completa publicada en SUR, pincha aqu\u00ed:\u00a0 <a href=\"http:\/\/www.diariosur.es\/20111118\/local\/malaga\/felix-saenz-volvera-abrir-201111180816.html\" rel=\"external nofollow\">F\u00e9lix S\u00e1enz volver\u00e1 a abrir sus puertas antes de final de a\u00f1o<\/a><\/p>\n<p><a href=\"\/-que-le-compro-\/wp-content\/uploads\/sites\/19\/2011\/11\/felix-saenz.jpg\"><img loading=\"lazy\" class=\"aligncenter size-full wp-image-671\" title=\"felix-saenz\" src=\"\/-que-le-compro-\/wp-content\/uploads\/sites\/19\/2011\/11\/felix-saenz.jpg\" alt=\"Edificio de F\u00e9lix S\u00e1enz, que albergar\u00e1 la nueva tienda de H&#038;M. :: Foto: Jaime Gallardo\" width=\"300\" height=\"300\" srcset=\"https:\/\/static-blogs.diariosur.es\/wp-content\/uploads\/sites\/19\/2011\/11\/felix-saenz.jpg 300w, https:\/\/static-blogs.diariosur.es\/wp-content\/uploads\/sites\/19\/2011\/11\/felix-saenz-150x150.jpg 150w\" sizes=\"(max-width: 300px) 100vw, 300px\" \/><\/a><\/p>\n<p>&nbsp;<\/p>\n","protected":false},"excerpt":{"rendered":"<p>El hist\u00f3rico edificio de F\u00e9lix S\u00e1enz volver\u00e1 a abrir sus puertas antes de que acabe este a\u00f1o. Pero no lo har\u00e1 como los grandes almacenes que en su d\u00eda ocuparon este inmueble de calle San Juan, en pleno Centro Hist\u00f3rico. Sino que ahora albergar\u00e1 52 viviendas de lujo y una gran tienda de H&#038;M. Ser\u00e1 [&hellip;]<\/p>\n","protected":false},"author":24,"featured_media":0,"comment_status":"open","ping_status":"closed","sticky":false,"template":"","format":"standard","meta":[],"categories":[7],"tags":[1114,1362,1598,1599,3650],"_links":{"self":[{"href":"https:\/\/blogs.diariosur.es\/-que-le-compro-\/wp-json\/wp\/v2\/posts\/670"}],"collection":[{"href":"https:\/\/blogs.diariosur.es\/-que-le-compro-\/wp-json\/wp\/v2\/posts"}],"about":[{"href":"https:\/\/blogs.diariosur.es\/-que-le-compro-\/wp-json\/wp\/v2\/types\/post"}],"author":[{"embeddable":true,"href":"https:\/\/blogs.diariosur.es\/-que-le-compro-\/wp-json\/wp\/v2\/users\/24"}],"replies":[{"embeddable":true,"href":"https:\/\/blogs.diariosur.es\/-que-le-compro-\/wp-json\/wp\/v2\/comments?post=670"}],"version-history":[{"count":0,"href":"https:\/\/blogs.diariosur.es\/-que-le-compro-\/wp-json\/wp\/v2\/posts\/670\/revisions"}],"wp:attachment":[{"href":"https:\/\/blogs.diariosur.es\/-que-le-compro-\/wp-json\/wp\/v2\/media?parent=670"}],"wp:term":[{"taxonomy":"category","embeddable":true,"href":"https:\/\/blogs.diariosur.es\/-que-le-compro-\/wp-json\/wp\/v2\/categories?post=670"},{"taxonomy":"post_tag","embeddable":true,"href":"https:\/\/blogs.diariosur.es\/-que-le-compro-\/wp-json\/wp\/v2\/tags?post=670"}],"curies":[{"name":"wp","href":"https:\/\/api.w.org\/{rel}","templated":true}]}}