{"id":672,"date":"2011-11-18T18:44:17","date_gmt":"2011-11-18T17:44:17","guid":{"rendered":"http:\/\/blogs.diariosur.es\/-que-le-compro-\/?p=672"},"modified":"2011-11-18T18:44:17","modified_gmt":"2011-11-18T17:44:17","slug":"mercadillo-soho-en-el-cac-malaga-este-domingo-si-no-llueve","status":"publish","type":"post","link":"https:\/\/blogs.diariosur.es\/-que-le-compro-\/2011\/11\/18\/mercadillo-soho-en-el-cac-malaga-este-domingo-si-no-llueve\/","title":{"rendered":"Mercadillo en el Soho de M\u00e1laga este domingo 20-N, si no llueve"},"content":{"rendered":"<p>&nbsp;<\/p>\n<p>Depende del tiempo. Ya est\u00e1 todo a punto, pero ahora solo falta que no falle un factor clave: la meteorolog\u00eda. Este domingo, 20 de noviembre, adem\u00e1s de las elecciones generales deb\u00eda celebrarse en M\u00e1laga el Mercadillo en el Soho. Pero la previsi\u00f3n anuncia lluvia, lo que dificulta, o m\u00e1s bien anula este rastrillo, que se celebra al aire libre.<\/p>\n<p>Pero si la predicci\u00f3n falla y las nubes por fin no descargan agua, este rastrillo popular de artesan\u00eda, antig\u00fcedades, moda, bisuter\u00eda y m\u00e1s, acudir\u00e1 a su cita mensual (tercer domingo de cada mes) este 20-N <strong>en la plaza del CAC M\u00e1laga de diez de la ma\u00f1ana a tres de la tarde<\/strong> para que malague\u00f1os y visitantes puedan disfrutar una vez m\u00e1s de su cita dominical con las compras.<\/p>\n<p>En caso de que fuera necesario suspenderlo,<strong> se pasar\u00eda al siguiente domingo,<\/strong> 27 de noviembre. En ese caso, os avisar\u00edamos.<\/p>\n","protected":false},"excerpt":{"rendered":"<p>&nbsp; Depende del tiempo. Ya est\u00e1 todo a punto, pero ahora solo falta que no falle un factor clave: la meteorolog\u00eda. Este domingo, 20 de noviembre, adem\u00e1s de las elecciones generales deb\u00eda celebrarse en M\u00e1laga el Mercadillo en el Soho. Pero la previsi\u00f3n anuncia lluvia, lo que dificulta, o m\u00e1s bien anula este rastrillo, que [&hellip;]<\/p>\n","protected":false},"author":24,"featured_media":0,"comment_status":"open","ping_status":"closed","sticky":false,"template":"","format":"standard","meta":[],"categories":[4],"tags":[508,530,2166,2249,2311],"_links":{"self":[{"href":"https:\/\/blogs.diariosur.es\/-que-le-compro-\/wp-json\/wp\/v2\/posts\/672"}],"collection":[{"href":"https:\/\/blogs.diariosur.es\/-que-le-compro-\/wp-json\/wp\/v2\/posts"}],"about":[{"href":"https:\/\/blogs.diariosur.es\/-que-le-compro-\/wp-json\/wp\/v2\/types\/post"}],"author":[{"embeddable":true,"href":"https:\/\/blogs.diariosur.es\/-que-le-compro-\/wp-json\/wp\/v2\/users\/24"}],"replies":[{"embeddable":true,"href":"https:\/\/blogs.diariosur.es\/-que-le-compro-\/wp-json\/wp\/v2\/comments?post=672"}],"version-history":[{"count":0,"href":"https:\/\/blogs.diariosur.es\/-que-le-compro-\/wp-json\/wp\/v2\/posts\/672\/revisions"}],"wp:attachment":[{"href":"https:\/\/blogs.diariosur.es\/-que-le-compro-\/wp-json\/wp\/v2\/media?parent=672"}],"wp:term":[{"taxonomy":"category","embeddable":true,"href":"https:\/\/blogs.diariosur.es\/-que-le-compro-\/wp-json\/wp\/v2\/categories?post=672"},{"taxonomy":"post_tag","embeddable":true,"href":"https:\/\/blogs.diariosur.es\/-que-le-compro-\/wp-json\/wp\/v2\/tags?post=672"}],"curies":[{"name":"wp","href":"https:\/\/api.w.org\/{rel}","templated":true}]}}