{"id":696,"date":"2011-11-28T09:36:57","date_gmt":"2011-11-28T08:36:57","guid":{"rendered":"http:\/\/blogs.diariosur.es\/-que-le-compro-\/?p=696"},"modified":"2011-11-28T09:36:57","modified_gmt":"2011-11-28T08:36:57","slug":"muelle-uno-el-nuevo-centro-comercial-en-el-puerto-de-malaga","status":"publish","type":"post","link":"https:\/\/blogs.diariosur.es\/-que-le-compro-\/2011\/11\/28\/muelle-uno-el-nuevo-centro-comercial-en-el-puerto-de-malaga\/","title":{"rendered":"Muelle Uno, el nuevo centro comercial en el Puerto de M\u00e1laga"},"content":{"rendered":"<div id=\"attachment_697\" style=\"width: 410px\" class=\"wp-caption aligncenter\"><a href=\"\/-que-le-compro-\/wp-content\/uploads\/sites\/19\/2011\/11\/cartel-muelle-uno.jpg\"><img aria-describedby=\"caption-attachment-697\" loading=\"lazy\" class=\"size-full wp-image-697\" title=\"Cartel anunciador del nuevo Muelle Uno Sea Shopping\" src=\"\/-que-le-compro-\/wp-content\/uploads\/sites\/19\/2011\/11\/cartel-muelle-uno.jpg\" alt=\"Cartel anunciador del nuevo Muelle Uno Sea Shopping\" width=\"400\" height=\"544\" srcset=\"https:\/\/static-blogs.diariosur.es\/wp-content\/uploads\/sites\/19\/2011\/11\/cartel-muelle-uno.jpg 400w, https:\/\/static-blogs.diariosur.es\/wp-content\/uploads\/sites\/19\/2011\/11\/cartel-muelle-uno-221x300.jpg 221w\" sizes=\"(max-width: 400px) 100vw, 400px\" \/><\/a><p id=\"caption-attachment-697\" class=\"wp-caption-text\">Cartel anunciador del nuevo Muelle Uno Sea Shopping, en el Puerto de M\u00e1laga<\/p><\/div>\n<p>Seguramente en estos d\u00edas muchos habr\u00e1n reparado en unos carteles en las paradas de autob\u00fas en los que aparece una figura femenina nadando, similar a una sirena. En la imagen que pod\u00e9is ver sobre estas l\u00edneas y en la que predominan los tonos verdosos y azulados, manda una frase: \u00a1Ac\u00e9rcate al mar! Quiz\u00e1s algunos no sepan bien a qu\u00e9 se refiere, pero desde este martes, 29 de noviembre, lo sabr\u00e1n.<\/p>\n<p>Porque esa es la fecha elegida para inaugurar al p\u00fablico (prensa y autoridades lo visitar\u00e1n un d\u00eda antes) el <strong>Muelle Uno Sea Shopping<\/strong>, el nuevo y gran centro comercial\u00a0 en el Puerto de M\u00e1laga. Atr\u00e1s quedar\u00e1n entonces las obras y los trabajos a un ritmo fren\u00e9tico en las \u00faltimas semanas: llega el gran d\u00eda.<\/p>\n<p>Este nuevo espacio, al que sus promotores (Iniciativas Marina de la Farola) han bautizado como la prolongaci\u00f3n de calle Larios, compartir\u00e1 ubicaci\u00f3n en el nuevo muelle uno del Puerto de M\u00e1laga con el ocio infantil y la restauraci\u00f3n. En este \u00faltimo sector destacan el aterrizaje del nuevo Caf\u00e9 de Par\u00eds, la marisquer\u00eda Godoy, o la cervecer\u00eda Sure\u00f1a, que abrir\u00e1 por primera vez en la provincia.<\/p>\n<p>Entre las <strong>m\u00e1s de 70 firmas<\/strong> que tendr\u00e1n tienda en este nuevo parque comercial en el Paseo de la Farola destacan Roberto Verino, Tommy Hilfiger, Adolfo Dom\u00ednguez, Lacoste, Levi\u2019s, Diesel, Etxart &#038; Panno, Dolores Promesas, Amichi, Gerry Weber o Bimba y Lola, entre otras.<\/p>\n<p>El momento de descubrir la nueva imagen del Puerto de M\u00e1laga es este martes a partir de las 9 de la ma\u00f1ana. Y para que ir en coche no sea un problema: se han creado <strong>mil plazas de aparcamientos<\/strong>.<\/p>\n<p>En total, el nuevo proyecto cuenta con una inversi\u00f3n de 80 millones de euros, seg\u00fan datos recogidos por Europa Press, y una superficie de 56.000 metros cuadrados, de los que 14.000 se destinar\u00e1n a uso comercial y de ocio (de ellos, 2.000 ir\u00e1n destinados a los m\u00e1s peque\u00f1os, que tambi\u00e9n son protagonistas de esta ambiciosa infraestructura).<\/p>\n<p>As\u00ed que ya sab\u00e9is que este a\u00f1o a las compras de Navidad se suma un sitio nuevo al que acudir. \u00bfQu\u00e9 opin\u00e1is del nuevo Muelle Uno Sea Shopping?<\/p>\n<p>&nbsp;<\/p>\n<p>((((<strong>NOTA:<\/strong> Como imagino ya sabr\u00e9is a estas alturas, finalmente el Muelle Uno fue clausurado al d\u00eda siguiente de su inauguraci\u00f3n siguiendo una orden dictada por la Gerencia de Urbanismo del Ayuntamiento de M\u00e1laga y obtuvo la licencia algo despu\u00e9s. En su primer fin de semana abierto, consigui\u00f3 un \u00e9xito rotundo de p\u00fablico, puedes leerlo pinchando aqu\u00ed:\u00a0 <a href=\"http:\/\/www.diariosur.es\/v\/20111204\/malaga\/malaguenos-echan-amarras-muelle-20111204.html\" rel=\"external nofollow\">Los malague\u00f1os echan amarras en Muelle Uno<\/a>)))<\/p>\n","protected":false},"excerpt":{"rendered":"<p>Seguramente en estos d\u00edas muchos habr\u00e1n reparado en unos carteles en las paradas de autob\u00fas en los que aparece una figura femenina nadando, similar a una sirena. En la imagen que pod\u00e9is ver sobre estas l\u00edneas y en la que predominan los tonos verdosos y azulados, manda una frase: \u00a1Ac\u00e9rcate al mar! Quiz\u00e1s algunos no [&hellip;]<\/p>\n","protected":false},"author":24,"featured_media":0,"comment_status":"open","ping_status":"closed","sticky":false,"template":"","format":"standard","meta":[],"categories":[2],"tags":[515,693,1215,1720,2560,2682,2683,2863,2865,3488],"_links":{"self":[{"href":"https:\/\/blogs.diariosur.es\/-que-le-compro-\/wp-json\/wp\/v2\/posts\/696"}],"collection":[{"href":"https:\/\/blogs.diariosur.es\/-que-le-compro-\/wp-json\/wp\/v2\/posts"}],"about":[{"href":"https:\/\/blogs.diariosur.es\/-que-le-compro-\/wp-json\/wp\/v2\/types\/post"}],"author":[{"embeddable":true,"href":"https:\/\/blogs.diariosur.es\/-que-le-compro-\/wp-json\/wp\/v2\/users\/24"}],"replies":[{"embeddable":true,"href":"https:\/\/blogs.diariosur.es\/-que-le-compro-\/wp-json\/wp\/v2\/comments?post=696"}],"version-history":[{"count":0,"href":"https:\/\/blogs.diariosur.es\/-que-le-compro-\/wp-json\/wp\/v2\/posts\/696\/revisions"}],"wp:attachment":[{"href":"https:\/\/blogs.diariosur.es\/-que-le-compro-\/wp-json\/wp\/v2\/media?parent=696"}],"wp:term":[{"taxonomy":"category","embeddable":true,"href":"https:\/\/blogs.diariosur.es\/-que-le-compro-\/wp-json\/wp\/v2\/categories?post=696"},{"taxonomy":"post_tag","embeddable":true,"href":"https:\/\/blogs.diariosur.es\/-que-le-compro-\/wp-json\/wp\/v2\/tags?post=696"}],"curies":[{"name":"wp","href":"https:\/\/api.w.org\/{rel}","templated":true}]}}