{"id":1289,"date":"2013-07-25T13:15:56","date_gmt":"2013-07-25T11:15:56","guid":{"rendered":"http:\/\/blogs.diariosur.es\/avuelapluma\/?p=1289"},"modified":"2013-07-25T13:15:56","modified_gmt":"2013-07-25T11:15:56","slug":"1289","status":"publish","type":"post","link":"https:\/\/blogs.diariosur.es\/avuelapluma\/2013\/07\/25\/1289\/","title":{"rendered":"Corcheros de Ronda"},"content":{"rendered":"<p><a id=\"irc_mil\" style=\"border: 0px none;\" href=\"http:\/\/www.elcatavinos.com\/inews\/program\/view.asp?ID=13263\" rel=\"external nofollow\"><img loading=\"lazy\" id=\"irc_mi\" style=\"margin-top: 65px;\" src=\"\/\/www.elcatavinos.com\/inews\/program\/Upload\/17112011-2-1.jpg\" alt=\"\" width=\"350\" height=\"245\" \/><\/a><\/p>\n<p>&nbsp;<\/p>\n<p>Corcheros de Ronda<br \/>\nPasan a\u00f1os y siglos y los corcheros de Ronda siguen subiendo al monte\u00a0 en los primeros d\u00edas de la can\u00edcula, antes que que las\u00a0 calares se intensifiquen y, sobretodo, que pase el tiempo m\u00e1s propicio\u00a0 para su labor. Ascienden las reatas de animales de carga por senderos casi imposibles arreados por quienes tienen como misi\u00f3n desnudar el alcornoque de su coraza de corcho, algo que\u00a0 hacen\u00a0 con el pundonor y ritual\u00a0 de quien arrebata su vestimenta a una vestal que gana gracilidad y gentileza expuesta al amor de\u00a0 airecillo de la sierra.<br \/>\nOficio antiguo donde los haya, el corchero de Ronda o de los pueblos lim\u00edtrofes en este quehacer at\u00e1vico cuya ense\u00f1anza se transmite de padres a hijos y se aprende all\u00ed donde el monte \u2013 destellos\u00a0 de sol atravesando la floresta creando irisaciones antes de acariciar el erial montuoso \u2013 se despuebla de presencia humana y el silencio reinante no se quiebra sino por el trino suave de un estornino atrevido o el graznar bronco de un aguilucho que atraviesa el aire con la rapidez de una flecha,espantado quiz\u00e1s por la intromisi\u00f3n de desconocidos en su predio montaraz y celeste.<br \/>\nPero el corcho ronde\u00f1o y el de Cortes de la Frontera, m\u00e1s all\u00e1 de la sublimaci\u00f3n de un oficio\u00a0 ancestral con toda la carga rom\u00e1ntica que conlleva lo antiguo e imperecedero posee una vertiente econ\u00f3mica nada despreciable. Que se lo digan si no a los ayuntamientos ronde\u00f1o y cortesano y el importante arrimo que significa para sus arcas no siempre boyantes. M\u00e1s de medio mill\u00f3n de euros vendr\u00e1n a engrosar el Consistorio de Ronda en concreto con la \u201csaca del corcho\u201d de los Montes de\u00a0 Propio, que en la temporadas actual ha resultado ser de excelente calidad como puede verse en los \u201cpatios\u201d donde se exhiben m\u00e1s que se amontonan para que se pueda apreciar lo especial de su textura.<br \/>\nHachas al hombro, \u00fanica herramienta empleada hasta hora por mucho que la mecanizaci\u00f3n trate de imponerse, los corcheros otean en las madrugadas el tajo que les ocupar\u00e1 durante buena parte del d\u00eda.\u00bfSer\u00e1n conscientes de que escriben cada a\u00f1o por estas fechas una de las p\u00e1ginas m\u00e1s sugerentes de la historia de Ronda,la pret\u00e9rita y la actual, sin que nada haya podido romper ilaci\u00f3n entre una y otra?<\/p>\n<p>Foto: elcatavinos,com<\/p>\n<p>Categor\u00eda<\/p>\n","protected":false},"excerpt":{"rendered":"<p>&nbsp; Corcheros de Ronda Pasan a\u00f1os y siglos y los corcheros de Ronda siguen subiendo al monte\u00a0 en los primeros d\u00edas de la can\u00edcula, antes que que las\u00a0 calares se intensifiquen y, sobretodo, que pase el tiempo m\u00e1s propicio\u00a0 para su labor. Ascienden las reatas de animales de carga por senderos casi imposibles arreados por [&hellip;]<\/p>\n","protected":false},"author":27495,"featured_media":0,"comment_status":"open","ping_status":"open","sticky":false,"template":"","format":"standard","meta":[],"categories":[22],"tags":[281,282,291,922],"_links":{"self":[{"href":"https:\/\/blogs.diariosur.es\/avuelapluma\/wp-json\/wp\/v2\/posts\/1289"}],"collection":[{"href":"https:\/\/blogs.diariosur.es\/avuelapluma\/wp-json\/wp\/v2\/posts"}],"about":[{"href":"https:\/\/blogs.diariosur.es\/avuelapluma\/wp-json\/wp\/v2\/types\/post"}],"author":[{"embeddable":true,"href":"https:\/\/blogs.diariosur.es\/avuelapluma\/wp-json\/wp\/v2\/users\/27495"}],"replies":[{"embeddable":true,"href":"https:\/\/blogs.diariosur.es\/avuelapluma\/wp-json\/wp\/v2\/comments?post=1289"}],"version-history":[{"count":0,"href":"https:\/\/blogs.diariosur.es\/avuelapluma\/wp-json\/wp\/v2\/posts\/1289\/revisions"}],"wp:attachment":[{"href":"https:\/\/blogs.diariosur.es\/avuelapluma\/wp-json\/wp\/v2\/media?parent=1289"}],"wp:term":[{"taxonomy":"category","embeddable":true,"href":"https:\/\/blogs.diariosur.es\/avuelapluma\/wp-json\/wp\/v2\/categories?post=1289"},{"taxonomy":"post_tag","embeddable":true,"href":"https:\/\/blogs.diariosur.es\/avuelapluma\/wp-json\/wp\/v2\/tags?post=1289"}],"curies":[{"name":"wp","href":"https:\/\/api.w.org\/{rel}","templated":true}]}}