{"id":1677,"date":"2014-06-01T10:36:48","date_gmt":"2014-06-01T08:36:48","guid":{"rendered":"http:\/\/blogs.diariosur.es\/avuelapluma\/?p=1677"},"modified":"2014-06-01T10:36:48","modified_gmt":"2014-06-01T08:36:48","slug":"sobran-ditirambos-politicos-en-andalucia","status":"publish","type":"post","link":"https:\/\/blogs.diariosur.es\/avuelapluma\/2014\/06\/01\/sobran-ditirambos-politicos-en-andalucia\/","title":{"rendered":"Sobran  ditirambos pol\u00edticos en Andaluc\u00eda"},"content":{"rendered":"<p><img loading=\"lazy\" src=\"\/\/images.eldiario.es\/andalucia\/Sevilla-Jerez-Huelva-Granada-Malaga_EDIIMA20131017_0044_13.jpg\" alt=\"Sevilla, Jerez, Huelva, Granada y M\u00e1laga convocan este jueves movilizaciones contra el fraude fiscal y la pobreza\" width=\"643\" height=\"367\" \/><\/p>\n<p><strong><span style=\"font-family: Times New Roman;\">Se habla ahora en Sevilla y \u00a0en la sede de la Junta del exitoso resultado de los socialistas en\u00a0\u00a0 las elecciones\u00a0 europeas. Se derrumb\u00f3 el partido en el resto de Espa\u00f1a pero en el entorno de Susana D\u00edas se saca pecho porque en esta tierra de Mar\u00eda Sant\u00edsima \u00a0el Partido Popular no le lleg\u00f3 s los talones a la hora del recuento de votos. De eso se vanaglorian, ya que no pueden hacerlo de otra cosa. La\u00a0 mordida de Podemos no les caus\u00f3 mayor da\u00f1o. Y a ese rebujo complaciente andan los del \u201csusanato\u201d\u00a0 que aspiran a que la presidenta andaluza se atreva a dar\u00a0 el salto a Madrid, ahora que los sociatas andan desvalidos sin cabezas visibles capaces de hacer da\u00f1o al partido opositor.\u00a0 <\/span><\/strong><\/p>\n<p><strong><span style=\"font-family: Times New Roman;\">\u00a0 Susana D\u00edaz se deja querer por sus adl\u00e1teres pero no quiere entrar en pugilato con nadie: se acostumbr\u00f3 a ser alzada al poder sin entrar en puja con otros que preconizan ya un congreso, ya unas primarias como se establece estatutariamente. Ella parece estar por encima del mal y el bien de esas lindezas. Claro, que al fin, ha tenido que sucumbir y entrar por el aro de las primarias, en las que tendr\u00e1n parte activa los militantes y menos los barones acrisolados del partido.<\/span><\/strong><\/p>\n<p><strong><span style=\"font-family: Times New Roman;\">\u00a0\u00a0 La cuesti\u00f3n es que coincidiendo con los comicios europeos, que tantas sorpresas proporcionaron, se ha dado a conocer un informe del INE (Encuesta de Condiciones de Vida), el cual hace hincapi\u00e9 en que alrededor de un 30% de los andaluces se reconcomen al figurar por debajo del umbral de la pobreza. O sea, que esta lacra sacude nada menos que, mal contados, a 3 millones de andaluces. En M\u00e1laga con el 20% se ronda a los 115.000. Y en Ronda, que es la ciudad que pillo m\u00e1s cerca, seg\u00fan la Coordinadora del Voluntariado de la Serran\u00eda apuntaba meses atr\u00e1s a que la\u00a0 mitad de las familias de la comarca viven con menos de 400 euros al mes. Y se supone que no se mencionan a los parados de larga duraci\u00f3n que recurren al entorno familiar o las raqu\u00edticas pensiones de sus progenitores para subsistir m\u00e1s mal que bien.<\/span><\/strong><\/p>\n<p><strong><span style=\"font-family: Times New Roman;\">\u00a0\u00a0 As\u00ed que no cuela que se canten las excelencias de los socialistas en el Gobierno de Andaluc\u00eda y su supuesta reafirmaci\u00f3n cuando sus oponentes, los populares, se hundieron seg\u00fan la consulta de hace una semana. No toca lanzar las campanas al vuelo, sobre todo si se echa mano,\u00a0 adem\u00e1s de a esos datos desolladores sobre la pobreza,\u00a0 a las trapisondas de dirigentes, casos de los ERE al canto y a los que la juez Alaya no deja de golpear como martillo de herejes. El PSOE, en el \u00e1mbito nacional, se resquebraja a ojos vista, y el resultado electoral andaluz no deja de ser un islote aparentemente indemne en mitad de un mar encrespado. Sobran exageraciones infundadas y exultantes ditirambos.<\/span><\/strong><\/p>\n<p><strong><span style=\"font-family: Times New Roman;\">JOS\u00c9 BECERRA 25537519 M\u00c1LAGA<\/span><\/strong><\/p>\n","protected":false},"excerpt":{"rendered":"<p>Se habla ahora en Sevilla y \u00a0en la sede de la Junta del exitoso resultado de los socialistas en\u00a0\u00a0 las elecciones\u00a0 europeas. Se derrumb\u00f3 el partido en el resto de Espa\u00f1a pero en el entorno de Susana D\u00edas se saca pecho porque en esta tierra de Mar\u00eda Sant\u00edsima \u00a0el Partido Popular no le lleg\u00f3 s [&hellip;]<\/p>\n","protected":false},"author":27495,"featured_media":0,"comment_status":"open","ping_status":"open","sticky":false,"template":"","format":"standard","meta":[],"categories":[18],"tags":[],"_links":{"self":[{"href":"https:\/\/blogs.diariosur.es\/avuelapluma\/wp-json\/wp\/v2\/posts\/1677"}],"collection":[{"href":"https:\/\/blogs.diariosur.es\/avuelapluma\/wp-json\/wp\/v2\/posts"}],"about":[{"href":"https:\/\/blogs.diariosur.es\/avuelapluma\/wp-json\/wp\/v2\/types\/post"}],"author":[{"embeddable":true,"href":"https:\/\/blogs.diariosur.es\/avuelapluma\/wp-json\/wp\/v2\/users\/27495"}],"replies":[{"embeddable":true,"href":"https:\/\/blogs.diariosur.es\/avuelapluma\/wp-json\/wp\/v2\/comments?post=1677"}],"version-history":[{"count":0,"href":"https:\/\/blogs.diariosur.es\/avuelapluma\/wp-json\/wp\/v2\/posts\/1677\/revisions"}],"wp:attachment":[{"href":"https:\/\/blogs.diariosur.es\/avuelapluma\/wp-json\/wp\/v2\/media?parent=1677"}],"wp:term":[{"taxonomy":"category","embeddable":true,"href":"https:\/\/blogs.diariosur.es\/avuelapluma\/wp-json\/wp\/v2\/categories?post=1677"},{"taxonomy":"post_tag","embeddable":true,"href":"https:\/\/blogs.diariosur.es\/avuelapluma\/wp-json\/wp\/v2\/tags?post=1677"}],"curies":[{"name":"wp","href":"https:\/\/api.w.org\/{rel}","templated":true}]}}