{"id":1681,"date":"2014-06-07T14:08:20","date_gmt":"2014-06-07T12:08:20","guid":{"rendered":"http:\/\/blogs.diariosur.es\/avuelapluma\/?p=1681"},"modified":"2014-06-07T14:08:20","modified_gmt":"2014-06-07T12:08:20","slug":"abdicacion-del-rey","status":"publish","type":"post","link":"https:\/\/blogs.diariosur.es\/avuelapluma\/2014\/06\/07\/abdicacion-del-rey\/","title":{"rendered":"Abdicaci\u00f3n del Rey"},"content":{"rendered":"<p>&nbsp;<\/p>\n<p style=\"margin-bottom: 0cm;\"><img loading=\"lazy\" id=\"irc_ilrp_mut\" style=\"margin-top: 84px;\" src=\"https:\/\/encrypted-tbn2.gstatic.com\/images?q=tbn:ANd9GcSE9_rX6Ea2Qw7DYqbo36d8iv6E-Zxz2zWB8T5yR0UIKpjJrRb6gutZ6Ec\" alt=\"\" width=\"487\" height=\"225\" \/><\/p>\n<p>&nbsp;<\/p>\n<p style=\"margin-bottom: 0cm;\">\n<p>&nbsp;<\/p>\n<p><strong>Est\u00e1bamos absortos en los acontecimientos que dejaron tras s\u00ed las elecciones europeas con los sorpresivos resultados que nos proporcionaron, cuando un hecho no esperado, por lo menos por el espa\u00f1olito de a pie, aunque los altos dignatarios del Gobierno y la Oposici\u00f3n ya estaban informados convenientemente,seg\u00fan se ha sabido, ha venido a dejar los dimes y diretes de los pol\u00edticos y sus posicionamientos de cara al futuro en un muy marcado segundo plano. Una sorpresa sobre otra en un corto intervalo de horas. La primera anulada por la que ahora se produce, al filo del medio d\u00eda 2 de Junio de 2014. Una fecha para fijar desde ahora en los anales del devenir hispano por su indiscutible relevancia.<\/strong><\/p>\n<p style=\"margin-bottom: 0cm;\"><strong>Don Juan Carlos Carlos acaba de anunciar su abdicaci\u00f3n del Trono espa\u00f1ol a favor de su hijo, el pr\u00edncipe de Asturias, desde ahora llamado a ser reconocido probablemente en todas las esferas pol\u00edticas y sociales tanto dentro como fuera del pa\u00eds como Felipe VI de Espa\u00f1a, nada m\u00e1s culmine el proceso legal marcado por el art\u00edculo 57 de la Constituci\u00f3n marcado para la sucesi\u00f3n de la Corona.<\/strong><\/p>\n<p>&nbsp;<\/p>\n<p style=\"margin-bottom: 0cm;\"><strong>En Espa\u00f1a se produce un par\u00f3n en todo acontecer ajeno a la envergadura del hecho hist\u00f3rico que acaba de producirse. Hoy,el pa\u00eds es noticia y tiene como fundamento el anuncio del relevo que acaba de realizarse en la Casa Real y en muy segundo t\u00e9rmino queda todo lo dem\u00e1s que desde la pasada semana conmovi\u00f3 a la opini\u00f3n p\u00fablica. El PSOE y la candidatura a la elecci\u00f3n de un nuevo secretario general, los \u00edmpetus de los barones del PP para encarrilar el curso del partido tras la debacle electoral, los esfuerzos de la izquierda radical para conmover los cimientos del Estado y emprender una aventura que a muchos se le antoja incierta y peligrosa; toda esta agitaci\u00f3n pol\u00edtica barrida por un acontecimiento que va a suscitar en grado superlativo los pareceres de todos los espa\u00f1oles,que no todos los d\u00edas un Rey dice adi\u00f3s y se entrev\u00e9 la pronta llegada de otro.<\/strong><\/p>\n<p>&nbsp;<\/p>\n<p style=\"margin-bottom: 0cm;\"><strong>Los partidos contrarios a la monarqu\u00eda, por su parte, se han apresurado a convocar manifestaciones en la mayor\u00eda de las principales ciudades del pa\u00eds y preconizan un refer\u00e9ndum para que sea, seg\u00fan su entender, que no tiene por qu\u00e9 ser compartido por la mayor\u00eda de la sociedad, que sea \u00e9sta la que determina el futuro de la Monarqu\u00eda y el devenir pol\u00edtico del pa\u00eds. Les ha faltado tiempo para arrimar el ascua a su sardina y cantinela republicana. Otra cosa es que se baile al son que intentan tocar.<\/strong><\/p>\n<p>&nbsp;<\/p>\n<p style=\"margin-bottom: 0cm;\"><strong>A la izquierda, en su mayor\u00eda, le han sonado bald\u00edas las palabras del Rey en su despedida Les resbala su sensata afirmaci\u00f3n de \u201cdar paso a una generaci\u00f3n m\u00e1s joven que abra nuevas esperanzas\u201d. Lo razonable es que los partidos republicanos se hubiesen dado un tiempo prudencial para salir a la palestra y formular sus intenciones. <\/strong><\/p>\n<p style=\"margin-bottom: 0cm;\"><strong>\u00a0\u00a0 Su parecer y posicionamiento al respecto son m\u00e1s que sabidos. S\u00f3lo que hubiese sido de agradecer, en parte por la gran mayor\u00eda que no abrazan su ideario, que no se precipiten para que las opiniones sean contrastadas con el suficiente sosiego, que, como dicen en mi pueblo serrano, \u201cel que m\u00e1s corre, m\u00e1s atr\u00e1s se haya\u201d. Adem\u00e1s, y esto es algo que deber\u00edan saber quienes se desga\u00f1itan pidi\u00e9ndolo, no bastar\u00eda con un refer\u00e9ndum, que s\u00ed se pod\u00eda llevar a cabo, faltar\u00eda m\u00e1s, pero no implicar\u00eda el revocar la norma org\u00e1nica, que exigir\u00eda una reforma radical de la Constituci\u00f3n que nos dimos en 1978, un proceso tan largo y exhaustivo como proceloso.<\/strong><\/p>\n<p>&nbsp;<\/p>\n<p style=\"margin-bottom: 0cm;\"><strong>La Tercera Rep\u00fablica puede esperar.<\/strong><\/p>\n<p>&nbsp;<\/p>\n","protected":false},"excerpt":{"rendered":"<p>&nbsp; &nbsp; &nbsp; Est\u00e1bamos absortos en los acontecimientos que dejaron tras s\u00ed las elecciones europeas con los sorpresivos resultados que nos proporcionaron, cuando un hecho no esperado, por lo menos por el espa\u00f1olito de a pie, aunque los altos dignatarios del Gobierno y la Oposici\u00f3n ya estaban informados convenientemente,seg\u00fan se ha sabido, ha venido a [&hellip;]<\/p>\n","protected":false},"author":27495,"featured_media":0,"comment_status":"open","ping_status":"open","sticky":false,"template":"","format":"standard","meta":[],"categories":[22],"tags":[],"_links":{"self":[{"href":"https:\/\/blogs.diariosur.es\/avuelapluma\/wp-json\/wp\/v2\/posts\/1681"}],"collection":[{"href":"https:\/\/blogs.diariosur.es\/avuelapluma\/wp-json\/wp\/v2\/posts"}],"about":[{"href":"https:\/\/blogs.diariosur.es\/avuelapluma\/wp-json\/wp\/v2\/types\/post"}],"author":[{"embeddable":true,"href":"https:\/\/blogs.diariosur.es\/avuelapluma\/wp-json\/wp\/v2\/users\/27495"}],"replies":[{"embeddable":true,"href":"https:\/\/blogs.diariosur.es\/avuelapluma\/wp-json\/wp\/v2\/comments?post=1681"}],"version-history":[{"count":0,"href":"https:\/\/blogs.diariosur.es\/avuelapluma\/wp-json\/wp\/v2\/posts\/1681\/revisions"}],"wp:attachment":[{"href":"https:\/\/blogs.diariosur.es\/avuelapluma\/wp-json\/wp\/v2\/media?parent=1681"}],"wp:term":[{"taxonomy":"category","embeddable":true,"href":"https:\/\/blogs.diariosur.es\/avuelapluma\/wp-json\/wp\/v2\/categories?post=1681"},{"taxonomy":"post_tag","embeddable":true,"href":"https:\/\/blogs.diariosur.es\/avuelapluma\/wp-json\/wp\/v2\/tags?post=1681"}],"curies":[{"name":"wp","href":"https:\/\/api.w.org\/{rel}","templated":true}]}}