{"id":1687,"date":"2014-06-09T18:26:55","date_gmt":"2014-06-09T16:26:55","guid":{"rendered":"http:\/\/blogs.diariosur.es\/avuelapluma\/?p=1687"},"modified":"2014-06-09T18:26:55","modified_gmt":"2014-06-09T16:26:55","slug":"monarquia-o-republica-el-dilema","status":"publish","type":"post","link":"https:\/\/blogs.diariosur.es\/avuelapluma\/2014\/06\/09\/monarquia-o-republica-el-dilema\/","title":{"rendered":"\u00bfMonarqu\u00eda o Rep\u00fablica? El dilema"},"content":{"rendered":"<p>&nbsp;<\/p>\n<p class=\"MsoNormal\" style=\"margin-left: 90.0pt; text-align: justify; text-justify: inter-ideograph; text-indent: -36.0pt; line-height: 150%;\"><strong>\u00a0<\/strong><\/p>\n<h1 style=\"margin-left: 0cm; text-align: justify; text-justify: inter-ideograph; text-indent: 0cm;\"><span style=\"mso-list: Ignore;\"><span style=\"font: 7.0pt 'Times New Roman';\">\u00a0\u00a0\u00a0\u00a0\u00a0\u00a0\u00a0\u00a0\u00a0\u00a0 <\/span><\/span><img loading=\"lazy\" title=\"Pr\u00edncipe Felipe\" src=\"\/\/cdn.20minutos.es\/img2\/recortes\/2014\/01\/26\/156565-620-282.jpg\" alt=\"Pr\u00edncipe Felipe\" width=\"620\" height=\"282\" \/><\/h1>\n<p class=\"MsoNormal\" style=\"text-align: justify; text-justify: inter-ideograph; tab-stops: list 21.6pt;\"><strong>\u00a0<\/strong><\/p>\n<p class=\"MsoNormal\" style=\"text-align: justify; text-justify: inter-ideograph; tab-stops: list 21.6pt;\"><strong>No es una cuesti\u00f3n que quite el sue\u00f1o a los espa\u00f1olitos de ahora, esos que se<span style=\"mso-spacerun: yes;\">\u00a0 <\/span>debaten entre las espinas del paro y las dificultades en llegar a final de mes con escasas o nulas ganancias,<span style=\"mso-spacerun: yes;\">\u00a0 <\/span>o que se llevan las manos a la cabeza por los casos de corrupci\u00f3n que se<span style=\"mso-spacerun: yes;\">\u00a0 <\/span>han venido destapando cada d\u00eda en los \u00faltimos tiempos, o por la situaci\u00f3n de la educaci\u00f3n, la sanidad o los derroteros que transita la justicia y sus representantes, no digamos del comportamiento artero de algunos de nuestros pol\u00edticos. No es una gran preocupaci\u00f3n, como los estudios demosc\u00f3picos se\u00f1alan, pero no se puede negar que est\u00e1 ah\u00ed y la pregunta, consecuentemente, ha saltado en todos los \u00e1mbitos a ra\u00edz de la abdicaci\u00f3n del rey<span style=\"mso-spacerun: yes;\">\u00a0 <\/span>don Juan Carlos.<\/strong><\/p>\n<p class=\"MsoNormal\" style=\"text-align: justify; text-justify: inter-ideograph; tab-stops: list 21.6pt;\"><strong><span style=\"mso-spacerun: yes;\">\u00a0\u00a0 <\/span>Los que reclaman el cambio en la Jefatura del Estado y piden un refer\u00e9ndum a voz en grito habr\u00eda que decirles que templasen sus \u00e1nimos. La cosa no es tan f\u00e1cil: nos dimos una Constituci\u00f3n para cuyo ordenamiento los grupos pol\u00edticos existentes tras la muerte de Franco tuvieron que renunciar a partes sustanciales de sus postulados e ideolog\u00edas. De esta forma se logr\u00f3 el consenso necesario para concluirla y ponerla en vigor.<span style=\"mso-spacerun: yes;\">\u00a0\u00a0\u00a0 <\/span><\/strong><\/p>\n<p class=\"MsoNormal\" style=\"text-align: justify; text-justify: inter-ideograph; tab-stops: list 21.6pt;\"><strong><span style=\"mso-spacerun: yes;\">\u00a0 <\/span>Durante el primer tercio del siglo XX, a Espa\u00f1a la sacud\u00edan sucesos muy conflictivos, hay quien afirma que los de mayor relevancia hist\u00f3rica. La desastrosa situaci\u00f3n y la inestabilidad social del momento, dentro y fuera del pa\u00eds, desembocaron en una guerra fratricida que a\u00fan perdura en la memoria de todos. El rey Alfonso XIII tuvo que exiliarse y se inici\u00f3, merced<span style=\"mso-spacerun: yes;\">\u00a0 <\/span>a la voluntad popular, un nuevo hito hist\u00f3rico (Segunda Rep\u00fablica), que acabo de la forma cruenta que todos sabemos.<\/strong><\/p>\n<p class=\"MsoNormal\" style=\"text-align: justify; text-justify: inter-ideograph; tab-stops: list 21.6pt;\"><strong><span style=\"mso-spacerun: yes;\">\u00a0\u00a0 <\/span>Hoy los par\u00e1metros econ\u00f3micos y sociales y la situaci\u00f3n de los pa\u00edses de nuestro entorno se muestran bien diferentes. De por medio una Constituci\u00f3n, la de 1978, que at\u00f3 los cabos para que cualquier intento con cariz de asamblea pudiera trastocar sus fundamentos org\u00e1nicos e institucionales. \u00bfQue nos asiste el derecho a manifestarnos y exigir un refer\u00e9ndum sobre esta cuesti\u00f3n que hoy se muestra palpitante en la opini\u00f3n p\u00fablica?. S\u00ed, sin lugar a dudas; pero siguiendo los canales establecidos, que nadie puede saltarse.<\/strong><\/p>\n<p class=\"MsoNormal\" style=\"text-align: justify; text-justify: inter-ideograph; tab-stops: list 21.6pt;\"><strong><span style=\"mso-spacerun: yes;\">\u00a0\u00a0 <\/span>La Corona ha prestado servicios indudables al pa\u00eds y ser\u00eda de desagradecidos no apreciarlos en sus justos t\u00e9rminos. Pero, y a esto iba, es l\u00edcito que quienes lo juzguen necesario aboguen por otro<span style=\"mso-spacerun: yes;\">\u00a0 <\/span>sistema de jefatura de Estado. Se puede no estar de acuerdo con ese modelo de sucesi\u00f3n de los poderes de padres<span style=\"mso-spacerun: yes;\">\u00a0 <\/span>a hijos ( varones)<span style=\"mso-spacerun: yes;\">\u00a0 <\/span>\u2013 que a no a las hijas, un fallo que viene desde la Ley S\u00e1lica, que viene nada menos que de los<span style=\"mso-spacerun: yes;\">\u00a0 <\/span>francos salios en el siglo V; ya ha llovido \u2013 en los que no se ven sino lo inalterable posici\u00f3n de la Casa Real, que entre otras cosas no parece estar en l\u00ednea contra el art\u00edculo I de nuestra Carta Magna, que no es otro que en<span style=\"mso-spacerun: yes;\">\u00a0 <\/span>el que se remacha que todos los espa\u00f1oles somos iguales ante la Ley.<\/strong><\/p>\n<p class=\"MsoNormal\" style=\"text-align: justify; text-justify: inter-ideograph; tab-stops: list 21.6pt;\"><strong><span style=\"mso-spacerun: yes;\">\u00a0\u00a0 <\/span>Que las leyes sigan su curso, faltar\u00eda m\u00e1s, pero no ser\u00eda aconsejable hacer o\u00eddos sordos a esa marea \u00faltima y vociferante \u2013 tambi\u00e9n ha llegado a las costas de M\u00e1laga con el impulso que se pretende dar a la implantaci\u00f3n del movimiento Podemos \u2013 que reclama una consulta popular sobre el modelo de Estado con el que no se est\u00e1 de acuerde que se perpet\u00fae tal cual. El dilema monarqu\u00eda o rep\u00fablica, bien vivo o soterrado, parece que est\u00e1 pidiendo respuestas.<\/strong><\/p>\n<p class=\"MsoNormal\" style=\"text-align: justify; text-justify: inter-ideograph; tab-stops: list 21.6pt;\"><span style=\"mso-spacerun: yes;\">\u00a0\u00a0 <\/span><\/p>\n<p class=\"MsoNormal\" style=\"tab-stops: list 21.6pt;\"><span style=\"mso-spacerun: yes;\">\u00a0\u00a0 <\/span><\/p>\n","protected":false},"excerpt":{"rendered":"<p>&nbsp; \u00a0 \u00a0\u00a0\u00a0\u00a0\u00a0\u00a0\u00a0\u00a0\u00a0\u00a0 \u00a0 No es una cuesti\u00f3n que quite el sue\u00f1o a los espa\u00f1olitos de ahora, esos que se\u00a0 debaten entre las espinas del paro y las dificultades en llegar a final de mes con escasas o nulas ganancias,\u00a0 o que se llevan las manos a la cabeza por los casos de corrupci\u00f3n que [&hellip;]<\/p>\n","protected":false},"author":27495,"featured_media":0,"comment_status":"open","ping_status":"open","sticky":false,"template":"","format":"standard","meta":[],"categories":[18],"tags":[853,885],"_links":{"self":[{"href":"https:\/\/blogs.diariosur.es\/avuelapluma\/wp-json\/wp\/v2\/posts\/1687"}],"collection":[{"href":"https:\/\/blogs.diariosur.es\/avuelapluma\/wp-json\/wp\/v2\/posts"}],"about":[{"href":"https:\/\/blogs.diariosur.es\/avuelapluma\/wp-json\/wp\/v2\/types\/post"}],"author":[{"embeddable":true,"href":"https:\/\/blogs.diariosur.es\/avuelapluma\/wp-json\/wp\/v2\/users\/27495"}],"replies":[{"embeddable":true,"href":"https:\/\/blogs.diariosur.es\/avuelapluma\/wp-json\/wp\/v2\/comments?post=1687"}],"version-history":[{"count":0,"href":"https:\/\/blogs.diariosur.es\/avuelapluma\/wp-json\/wp\/v2\/posts\/1687\/revisions"}],"wp:attachment":[{"href":"https:\/\/blogs.diariosur.es\/avuelapluma\/wp-json\/wp\/v2\/media?parent=1687"}],"wp:term":[{"taxonomy":"category","embeddable":true,"href":"https:\/\/blogs.diariosur.es\/avuelapluma\/wp-json\/wp\/v2\/categories?post=1687"},{"taxonomy":"post_tag","embeddable":true,"href":"https:\/\/blogs.diariosur.es\/avuelapluma\/wp-json\/wp\/v2\/tags?post=1687"}],"curies":[{"name":"wp","href":"https:\/\/api.w.org\/{rel}","templated":true}]}}