{"id":1690,"date":"2014-06-11T12:19:48","date_gmt":"2014-06-11T10:19:48","guid":{"rendered":"http:\/\/blogs.diariosur.es\/avuelapluma\/?p=1690"},"modified":"2014-06-11T12:19:48","modified_gmt":"2014-06-11T10:19:48","slug":"susana-diaz-no-hace-las-maletas","status":"publish","type":"post","link":"https:\/\/blogs.diariosur.es\/avuelapluma\/2014\/06\/11\/susana-diaz-no-hace-las-maletas\/","title":{"rendered":"Susana D\u00edaz no hace las maletas"},"content":{"rendered":"<p>&nbsp;<\/p>\n<p class=\"MsoBodyText2\"><img loading=\"lazy\" id=\"irc_mi\" style=\"margin-top: 40px;\" src=\"\/\/resizer.diariosur.es\/resizer\/resizer.php?imagen=http:\/\/www.diariosur.es\/diariosur\/multimedia\/201309\/07\/media\/susana-diaz%20%282%29.jpg&#038;nuevoancho=800\" alt=\"\" width=\"495\" height=\"314\" \/><\/p>\n<p class=\"MsoBodyText2\">Todo parec\u00eda indicar que s\u00ed, que la presidenta de la Junta lo dispon\u00eda todo para dar su salto a Madrid: las maletas dispuestas para emprender el viaje que ten\u00eda como parada final la sede del PSOE en Ferraz. En el bagaje,<span style=\"mso-spacerun: yes;\">\u00a0 <\/span>la reciedumbre de haber conseguido mantener el tipo en Andaluc\u00eda tras conseguir<span style=\"mso-spacerun: yes;\">\u00a0 <\/span>su partido un resultado meritorio en las elecciones europeas, no lo suficientemente amplio como<span style=\"mso-spacerun: yes;\">\u00a0 <\/span>para lanzar las campanas en alocado vuelo, pero s\u00ed<span style=\"mso-spacerun: yes;\">\u00a0 <\/span>lo suficientemente contundente como hacer cavilar a su oponente en la eterna liza, el Partido Popular, que result\u00f3 claramente perdedor.<\/p>\n<p class=\"MsoBodyText2\"><span style=\"mso-spacerun: yes;\">\u00a0 <\/span>Es curioso lo que viene ocurriendo en el territorio andaluz: se despotrica sobre el estado de corrupci\u00f3n reinante en las instituciones \u2013 ese atraco a mano armada<span style=\"mso-spacerun: yes;\">\u00a0 <\/span>que han supuesto los ERE falsos a los parados arrebat\u00e1ndoles su derecho a la formaci\u00f3n y posterior obtenci\u00f3n de un puesto de trabajo, fraude tenazmente perseguido por la juez Alaya con una acci\u00f3n que suscita la bendici\u00f3n <span style=\"mso-spacerun: yes;\">\u00a0<\/span>de todos -, pero a la hora de depositar el voto para una consulta electoral, se escoge el m\u00e1s favorable para el PSOE, haci\u00e9ndose caso omiso de las trapisondas de algunos, los que sean, de sus altos componentes. Se pregunta uno si son aciertos del partido en el poder o resultado de esa red de clientelismo que auspicia y que le permite salir a flote cuando la tormenta presagia el hundimiento del barco. \u201cM\u00e1s vale lo malo conocido que lo bueno por conocer\u201d, que se dice<span style=\"mso-spacerun: yes;\">\u00a0 <\/span>jocosamente en las tierras malague\u00f1as y serranas del sur peninsular.<\/p>\n<p class=\"MsoBodyText2\"><span style=\"mso-spacerun: yes;\">\u00a0\u00a0 <\/span>\u00bfQu\u00e9 ha pesado m\u00e1s en la conciencia de D\u00edaz a la hora de decir que no cuando la mayor parte del partido, barones y gerifaltes incluidos, vaticinaban que desde Madrid coger\u00eda con acierto el tim\u00f3n de la nave socialista a la deriva? Hay opiniones para todos los gustos. Es sabido que ella esperaba ser candidata y elegida por aclamaci\u00f3n. Pero esto es<span style=\"mso-spacerun: yes;\">\u00a0 <\/span>algo que en estos tiempos los<span style=\"mso-spacerun: yes;\">\u00a0 <\/span>zancadilleo pol\u00edtico est\u00e1n<span style=\"mso-spacerun: yes;\">\u00a0 <\/span>en el orden del d\u00eda, sea cual fuere la formaci\u00f3n cuyos componentes aspiran a m\u00e1s alta preponderancia en los partidos respectivos. \u00bfHa pesado en su decisi\u00f3n la certeza de que pese al valimiento de jerarcas socialistas, incluido Rubalcaba, el perdedor,<span style=\"mso-spacerun: yes;\">\u00a0 <\/span>pod\u00eda encontrase con serios contrincantes que asimismo optaban por el cargo y que se dejar\u00edan el alma en el intento?<\/p>\n<p class=\"MsoBodyText2\"><span style=\"mso-spacerun: yes;\">\u00a0\u00a0 <\/span>Ah\u00ed tenemos a Pedro S\u00e1nchez o Eduardo Madina (bien escorado \u00e9ste \u00faltimo hacia<span style=\"mso-spacerun: yes;\">\u00a0 <\/span>la izquierda radical) que ahora, tras la renuncia de la presidenta andaluza, velan armas dispuesto a presentar descomunal batalla para conseguir el liderazgo. No le van muy lejos Carmen Chac\u00f3n o el mismo Patxi L\u00f3pez, quienes si en un primer momento optaron por dejar paso libre a la lideresa <span style=\"mso-spacerun: yes;\">\u00a0<\/span>andaluza, ahora se aprestan para dar la batalla en su propio favor.<\/p>\n<p class=\"MsoBodyText2\"><span style=\"mso-spacerun: yes;\">\u00a0\u00a0 <\/span>Susana D\u00edaz, ha querido dejar claro que en su determinaci\u00f3n a renunciar ha pesado el deseo de seguir prestando la m\u00e1xima atenci\u00f3n a Andaluc\u00eda,\u00a0 &#8220;la columna vertebral del partido&#8221; como ha recalcado,y a la necesidad de prestar el mayor empe\u00f1o en resolver los problemas de su gente, que no son \u00e9stos pocos ni graves. Eso la honra, que en pol\u00edtica, no pocas veces se anteponen los intereses personales a los de aquellos para los cuales se tiene el deber ineludible de atender, que es en definitiva la misi\u00f3n que se le supone en el ejercicio de sus funciones.<span style=\"mso-spacerun: yes;\">\u00a0 <\/span>Palabras que creemos sinceras y que no tenemos por qu\u00e9 poner en duda. Y que son de agradecer.<\/p>\n<p class=\"MsoBodyText2\"><span style=\"mso-spacerun: yes;\">\u00a0 <\/span><span style=\"mso-spacerun: yes;\">\u00a0<\/span>No se va D\u00edaz, tal vez no tenga que deshacer las maletas porque no lleg\u00f3 a hacerlas. Pero existe la conciencia<span style=\"mso-spacerun: yes;\">\u00a0 <\/span>de que no renuncia. S\u00f3lo que ahora toca esperar para darel salto final: es lo que todo da a entender.<\/p>\n<p class=\"MsoBodyText2\">Foto Diario SUR<\/p>\n","protected":false},"excerpt":{"rendered":"<p>&nbsp; Todo parec\u00eda indicar que s\u00ed, que la presidenta de la Junta lo dispon\u00eda todo para dar su salto a Madrid: las maletas dispuestas para emprender el viaje que ten\u00eda como parada final la sede del PSOE en Ferraz. En el bagaje,\u00a0 la reciedumbre de haber conseguido mantener el tipo en Andaluc\u00eda tras conseguir\u00a0 su [&hellip;]<\/p>\n","protected":false},"author":27495,"featured_media":0,"comment_status":"open","ping_status":"open","sticky":false,"template":"","format":"standard","meta":[],"categories":[3,18],"tags":[88,865,1000],"_links":{"self":[{"href":"https:\/\/blogs.diariosur.es\/avuelapluma\/wp-json\/wp\/v2\/posts\/1690"}],"collection":[{"href":"https:\/\/blogs.diariosur.es\/avuelapluma\/wp-json\/wp\/v2\/posts"}],"about":[{"href":"https:\/\/blogs.diariosur.es\/avuelapluma\/wp-json\/wp\/v2\/types\/post"}],"author":[{"embeddable":true,"href":"https:\/\/blogs.diariosur.es\/avuelapluma\/wp-json\/wp\/v2\/users\/27495"}],"replies":[{"embeddable":true,"href":"https:\/\/blogs.diariosur.es\/avuelapluma\/wp-json\/wp\/v2\/comments?post=1690"}],"version-history":[{"count":0,"href":"https:\/\/blogs.diariosur.es\/avuelapluma\/wp-json\/wp\/v2\/posts\/1690\/revisions"}],"wp:attachment":[{"href":"https:\/\/blogs.diariosur.es\/avuelapluma\/wp-json\/wp\/v2\/media?parent=1690"}],"wp:term":[{"taxonomy":"category","embeddable":true,"href":"https:\/\/blogs.diariosur.es\/avuelapluma\/wp-json\/wp\/v2\/categories?post=1690"},{"taxonomy":"post_tag","embeddable":true,"href":"https:\/\/blogs.diariosur.es\/avuelapluma\/wp-json\/wp\/v2\/tags?post=1690"}],"curies":[{"name":"wp","href":"https:\/\/api.w.org\/{rel}","templated":true}]}}