{"id":1695,"date":"2014-06-12T17:55:12","date_gmt":"2014-06-12T15:55:12","guid":{"rendered":"http:\/\/blogs.diariosur.es\/avuelapluma\/?p=1695"},"modified":"2014-06-12T17:55:12","modified_gmt":"2014-06-12T15:55:12","slug":"coronacion-sin-boatopero-decorosa","status":"publish","type":"post","link":"https:\/\/blogs.diariosur.es\/avuelapluma\/2014\/06\/12\/coronacion-sin-boatopero-decorosa\/","title":{"rendered":"Coronaci\u00f3n sin boato,pero decorosa"},"content":{"rendered":"<p>&nbsp;<\/p>\n<p style=\"margin-bottom: 0cm;\"><img loading=\"lazy\" id=\"irc_ilrp_mut\" style=\"margin-top: 60px;\" src=\"https:\/\/encrypted-tbn3.gstatic.com\/images?q=tbn:ANd9GcQrggATHify5l5L0OnRddKT0K93umYY4fhIeEWOEXgdxYskYuVoQTdza64\" alt=\"\" width=\"486\" height=\"273\" \/><\/p>\n<p style=\"margin-bottom: 0cm;\"><strong>Independientemente de las controversias originadas tras la abdicaci\u00f3n del Rey y del espect\u00e1culo lamentable consiguiente que se contempl\u00f3 en el Congreso de los Diputados ( parlamentarios de escasa representaci\u00f3n esgrimiendo peregrinas conclusiones e imposibles exigencias \u2013 soberanismo catal\u00e1n y vasco y consulta al pueblo para que decida sobre monarqu\u00eda o rep\u00fablica, o monarqu\u00eda o democracia, como desider\u00e1tum insustancial y vacuo argumentado por el Coordinador federal de IU, Cayo Lara)-, en el acto de ratificaci\u00f3n de la ley org\u00e1nica que hizo efectiva la abdicaci\u00f3n de don Juan Carlos, se produjeron o se van a producir a su rebufo circunstancias que se teme no pasar\u00e1n desapercibidas para la opini\u00f3n p\u00fabica mayoritaria.<\/strong><\/p>\n<p style=\"margin-bottom: 0cm;\"><strong>Se aprob\u00f3 por amplia mayor\u00eda la citada ley y se regul\u00f3 la abdicaci\u00f3n sobre todo con los votos del Partido Popular, y, tambi\u00e9n, como era de esperar del de las bancadas socialistas, las cuales no hicieron sino reafirmar la postura del todav\u00eda secretario general,P\u00e9rez Rubalcaba, \u2013 aunque no le queden m\u00e1s all\u00e1 de dos telediarios en el poder -, el cual dej\u00f3 constancia,pese a dejar por descontado su republicanismo innato, la defensa a ultranza de la monarqu\u00eda parlamentaria, lo que no dej\u00f3 de ser remarcable en su discurso, el cual gan\u00f3 muchos enteros- incluso para quienes no hab\u00edamos dudado en se\u00f1alar su trayectoria pol\u00edtica, con m\u00e1s sombras que claros \u2013, y que sirvi\u00f3 para significar un perfil de estadista que a no pocos sorprendi\u00f3. Pero as\u00ed fue: primaron en su alocuci\u00f3n los aciertos y la reciedumbre en reafirmar los lazos que unen en la tesitura pol\u00edtica e institucional actual en detrimento de los que pudieran crear desavenencias en las actitudes tanto en los pol\u00edticos como en el espa\u00f1olito de calle, \u00faltimamente en un estado crispado por la situaci\u00f3n del pa\u00eds a remolque de adversas circunstancias en la que no cabe incidir por ser de dominio p\u00fablico.<\/strong><\/p>\n<p style=\"margin-bottom: 0cm;\"><strong>Pero hay otro elemento en el que habr\u00eda que incidir. Se ha decidido desde instancias superiores del Estado, que no desde los gerifaltes del protocolo palaciego, la supresi\u00f3n de todo signo de ostentaci\u00f3n en la ceremonia de coronaci\u00f3n de Felipe VI. Tal vez hayan prevalecido en esta decisi\u00f3n las dif\u00edciles circunstancias por las que atravesamos. Austeridad ,se proclama sin tapujos; a lo peor como resultado de una perturbaci\u00f3n impuesta por las proclamas y parafernalias de movimientos pretendidamente progresistas y radicales que, seg\u00fan los resultados de las elecciones europeas, vienen haciendo mella en el sentir de un pueblo visiblemente en desafecto hacia los pol\u00edticos y descontento y desbordado por la penuria reinante.<\/strong><\/p>\n<p style=\"margin-bottom: 0cm;\"><strong>Sin embargo, la coronaci\u00f3n de un rey no es un acontecimiento que en un pa\u00eds pueda verse todos los d\u00edas, cuanto m\u00e1s que en Espa\u00f1a podemos presumir de una acrisolada monarqu\u00eda, la segunda del mundo en antig\u00fcedad detr\u00e1s de la de Jap\u00f3n. \u00bfEs l\u00edcito que se nos prive de la contemplaci\u00f3n de este rito religioso\u2013 no habr\u00e1 misa de coronaci\u00f3n par<span style=\"text-decoration: none;\">a Felipe VI y,<\/span> por ende, no se cantar\u00e1 el Te Deum solemne \u2013, no se sabe bien obedeciendo a qu\u00e9 requerimientos o imposiciones contrarias al sentir espa\u00f1ol desde tiempo inmemorial? <\/strong><\/p>\n<p style=\"margin-bottom: 0cm;\"><strong>Si se juzga a la gente \u2013 y a los pa\u00edses \u2013 por su apariencia, \u00bfque comentarios mereceremos cuando se percaten que no habr\u00e1 invitados regios a la ceremonia y que las testas coronadas brillar\u00e1n por su ausencia? Puede pensarse que algo grave no est\u00e1 pasando para pasar por alto la concurrencia de altos dignatarios de medio mundo. No al despilfarro, desde luego. Pero sin incurrir en \u00e9l, \u00bf se nos puede privar del esplendor y m\u00e1ximo decoro de un ceremonial que es consustancial a nuestras tradiciones y que expresa la adhesi\u00f3n a nuestros reyes, como todas las encuestan se\u00f1alan sin ambages? \u00bfQu\u00e9 mejor \u201cmarca Espa\u00f1a\u201d podr\u00edamos ambicionar?<\/strong><\/p>\n","protected":false},"excerpt":{"rendered":"<p>&nbsp; Independientemente de las controversias originadas tras la abdicaci\u00f3n del Rey y del espect\u00e1culo lamentable consiguiente que se contempl\u00f3 en el Congreso de los Diputados ( parlamentarios de escasa representaci\u00f3n esgrimiendo peregrinas conclusiones e imposibles exigencias \u2013 soberanismo catal\u00e1n y vasco y consulta al pueblo para que decida sobre monarqu\u00eda o rep\u00fablica, o monarqu\u00eda o [&hellip;]<\/p>\n","protected":false},"author":27495,"featured_media":0,"comment_status":"open","ping_status":"open","sticky":false,"template":"","format":"standard","meta":[],"categories":[3],"tags":[284,456],"_links":{"self":[{"href":"https:\/\/blogs.diariosur.es\/avuelapluma\/wp-json\/wp\/v2\/posts\/1695"}],"collection":[{"href":"https:\/\/blogs.diariosur.es\/avuelapluma\/wp-json\/wp\/v2\/posts"}],"about":[{"href":"https:\/\/blogs.diariosur.es\/avuelapluma\/wp-json\/wp\/v2\/types\/post"}],"author":[{"embeddable":true,"href":"https:\/\/blogs.diariosur.es\/avuelapluma\/wp-json\/wp\/v2\/users\/27495"}],"replies":[{"embeddable":true,"href":"https:\/\/blogs.diariosur.es\/avuelapluma\/wp-json\/wp\/v2\/comments?post=1695"}],"version-history":[{"count":0,"href":"https:\/\/blogs.diariosur.es\/avuelapluma\/wp-json\/wp\/v2\/posts\/1695\/revisions"}],"wp:attachment":[{"href":"https:\/\/blogs.diariosur.es\/avuelapluma\/wp-json\/wp\/v2\/media?parent=1695"}],"wp:term":[{"taxonomy":"category","embeddable":true,"href":"https:\/\/blogs.diariosur.es\/avuelapluma\/wp-json\/wp\/v2\/categories?post=1695"},{"taxonomy":"post_tag","embeddable":true,"href":"https:\/\/blogs.diariosur.es\/avuelapluma\/wp-json\/wp\/v2\/tags?post=1695"}],"curies":[{"name":"wp","href":"https:\/\/api.w.org\/{rel}","templated":true}]}}